{"id":117988,"date":"2023-09-29T07:19:14","date_gmt":"2023-09-29T06:19:14","guid":{"rendered":"https:\/\/rna.ao\/rna.ao\/?p=117988"},"modified":"2023-09-29T07:19:14","modified_gmt":"2023-09-29T06:19:14","slug":"entra-em-vigor-hoje-documento-unico-para-identificacao-dos-veiculos-automoveis","status":"publish","type":"post","link":"https:\/\/rna.ao\/rna.ao\/2023\/09\/29\/entra-em-vigor-hoje-documento-unico-para-identificacao-dos-veiculos-automoveis\/","title":{"rendered":"Entra em vigor hoje documento \u00fanico para identifica\u00e7\u00e3o dos ve\u00edculos autom\u00f3veis"},"content":{"rendered":"<p><img loading=\"lazy\" class=\" wp-image-117991 aligncenter\" src=\"https:\/\/rna.ao\/rna.ao\/wp-content\/uploads\/2023\/09\/Policia-Transito.jpg\" alt=\"\" width=\"673\" height=\"363\" \/>A partir de hoje, 29 de Setembro, entra em vigor no pa\u00eds o T\u00edtulo do Ve\u00edculo &#8211; documento \u00fanico para identifica\u00e7\u00e3o do autom\u00f3vel e do respectivo propriet\u00e1rio.<\/p>\n<p>O T\u00edtulo do Ve\u00edculo \u00e9 uma medida enquadrada no Simplifica 1.0 &#8211; projecto de simplifica\u00e7\u00e3o de actos e procedimentos da Administra\u00e7\u00e3o P\u00fablica.<\/p>\n<p>O acto oficial de lan\u00e7amento do T\u00edtulo do Ve\u00edculo acontece na Direc\u00e7\u00e3o de Tr\u00e2nsito e Seguran\u00e7a Rodovi\u00e1ria, em Luanda, e ser\u00e1 orientado pelo Ministro de Estado e Chefe da Casa Civil do Presidente da Rep\u00fablica, Ad\u00e3o de Almeida. Clique, no \u00e1udio abaixo, e saiba mais com o jornalista Manuel Esperan\u00e7a:<\/p>\n\t<div class=\"qtmplayer-playlist-large\">\n\t\t<ul class=\"qtmplayer-playlist\">\n\t\t\t\n\t\t\t\t\t<li class=\"qtmplayer-trackitem\">\n\t\t<img src=\"https:\/\/rna.ao\/rna.ao\/wp-content\/uploads\/2023\/09\/Policia-Transito-1-100x100.jpg\" alt=\"cover\">\t\t<span \t\t\tdata-qtmplayer-cover=\"https:\/\/rna.ao\/rna.ao\/wp-content\/uploads\/2023\/09\/Policia-Transito-1.jpg\"\n\t\t\t\t\t\tdata-qtmplayer-file=\"https:\/\/rna.ao\/rna.ao\/wp-content\/uploads\/2023\/09\/MANUEL-ESPERANCA-07-HRS-1.mp3\"\n\t\t\t\t\t\tdata-qtmplayer-title=\"Entra em vigor hoje documento \u00fanico para identifica\u00e7\u00e3o dos ve\u00edculos autom\u00f3veis\"\n\t\t\t\t\t\tdata-qtmplayer-artist=\"RNA\"\n\t\t\t\t\t\tdata-qtmplayer-link=\"https:\/\/rna.ao\/rna.ao\/2023\/09\/29\/entra-em-vigor-hoje-documento-unico-para-identificacao-dos-veiculos-automoveis\/\"\n\t\t\t\t\t\tdata-qtmplayer-icon=\"file_download\"\n\t\t\t\t\t\tdata-qtmplayer-type=\"track\"\n\t\t\t class=\"qtmplayer-play qtmplayer-link-sec qtmplayer-play-btn\"><i class='material-icons'>play_arrow<\/i><\/span>\n\t\t<p>\n\t\t\t<span class=\"qtmplayer-tit\">Entra em vigor hoje documento \u00fanico para identifica\u00e7\u00e3o dos ve\u00edculos autom\u00f3veis<\/span>\n\t\t\t<span class=\"qtmplayer-art\">RNA<\/span>\n\t\t<\/p>\n\t<\/li>\n\t\t<\/ul>\n\t<\/div>\t\t\t\n\t\n<p>Fonte: RNA<\/p>\n","protected":false},"excerpt":{"rendered":"<p>A partir de hoje, 29 de Setembro, entra em vigor no pa\u00eds o T\u00edtulo do Ve\u00edculo &#8211; documento \u00fanico para identifica\u00e7\u00e3o do autom\u00f3vel e do respectivo propriet\u00e1rio. O T\u00edtulo do Ve\u00edculo \u00e9 uma medida enquadrada no Simplifica 1.0 &#8211; projecto de simplifica\u00e7\u00e3o de actos e procedimentos da Administra\u00e7\u00e3o P\u00fablica. O ...<\/p>\n","protected":false},"author":8,"featured_media":117992,"comment_status":"closed","ping_status":"closed","sticky":false,"template":"","format":"standard","meta":[],"categories":[121,163],"tags":[],"_links":{"self":[{"href":"https:\/\/rna.ao\/rna.ao\/wp-json\/wp\/v2\/posts\/117988"}],"collection":[{"href":"https:\/\/rna.ao\/rna.ao\/wp-json\/wp\/v2\/posts"}],"about":[{"href":"https:\/\/rna.ao\/rna.ao\/wp-json\/wp\/v2\/types\/post"}],"author":[{"embeddable":true,"href":"https:\/\/rna.ao\/rna.ao\/wp-json\/wp\/v2\/users\/8"}],"replies":[{"embeddable":true,"href":"https:\/\/rna.ao\/rna.ao\/wp-json\/wp\/v2\/comments?post=117988"}],"version-history":[{"count":1,"href":"https:\/\/rna.ao\/rna.ao\/wp-json\/wp\/v2\/posts\/117988\/revisions"}],"predecessor-version":[{"id":117993,"href":"https:\/\/rna.ao\/rna.ao\/wp-json\/wp\/v2\/posts\/117988\/revisions\/117993"}],"wp:featuredmedia":[{"embeddable":true,"href":"https:\/\/rna.ao\/rna.ao\/wp-json\/wp\/v2\/media\/117992"}],"wp:attachment":[{"href":"https:\/\/rna.ao\/rna.ao\/wp-json\/wp\/v2\/media?parent=117988"}],"wp:term":[{"taxonomy":"category","embeddable":true,"href":"https:\/\/rna.ao\/rna.ao\/wp-json\/wp\/v2\/categories?post=117988"},{"taxonomy":"post_tag","embeddable":true,"href":"https:\/\/rna.ao\/rna.ao\/wp-json\/wp\/v2\/tags?post=117988"}],"curies":[{"name":"wp","href":"https:\/\/api.w.org\/{rel}","templated":true}]}}