{"id":117977,"date":"2023-09-29T05:34:40","date_gmt":"2023-09-29T04:34:40","guid":{"rendered":"https:\/\/rna.ao\/rna.ao\/?p=117977"},"modified":"2023-09-29T06:44:06","modified_gmt":"2023-09-29T05:44:06","slug":"liga-portuguesa-benfica-vs-porto-jogam-hoje-na-luz","status":"publish","type":"post","link":"https:\/\/rna.ao\/rna.ao\/2023\/09\/29\/liga-portuguesa-benfica-vs-porto-jogam-hoje-na-luz\/","title":{"rendered":"Liga Portuguesa: Benfica vs Porto jogam hoje na Luz"},"content":{"rendered":"<p style=\"font-weight: 400;\"><img loading=\"lazy\" class=\" wp-image-117982 aligncenter\" src=\"https:\/\/rna.ao\/rna.ao\/wp-content\/uploads\/2023\/09\/Estadio-da-Luz.jpg\" alt=\"\" width=\"692\" height=\"519\" \/>Benfica vs FC Porto jogam logo para a sequ\u00eancia da s\u00e9tima jornada do campeonato portugu\u00eas de futebol. O desafio disputa se na Luz a partir das 20 horas e 15 minutos.<\/p>\n<p style=\"font-weight: 400;\">Roger Smith, treinador do Benfica, espera por um jogo bem disputado. Clique no \u00e1udio e ou\u00e7a:<\/p>\n\t<div class=\"qtmplayer-playlist-large\">\n\t\t<ul class=\"qtmplayer-playlist\">\n\t\t\t\n\t\t\t\t\t<li class=\"qtmplayer-trackitem\">\n\t\t<img src=\"https:\/\/rna.ao\/rna.ao\/wp-content\/uploads\/2023\/09\/Estadio-da-Luz-1-100x100.jpg\" alt=\"cover\">\t\t<span \t\t\tdata-qtmplayer-cover=\"https:\/\/rna.ao\/rna.ao\/wp-content\/uploads\/2023\/09\/Estadio-da-Luz-1.jpg\"\n\t\t\t\t\t\tdata-qtmplayer-file=\"https:\/\/rna.ao\/rna.ao\/wp-content\/uploads\/2023\/09\/9-ROGER-SCHIMIT-29-09-23.mp3\"\n\t\t\t\t\t\tdata-qtmplayer-title=\"Liga Portuguesa: Benfica vs Porto jogam hoje na Luz\"\n\t\t\t\t\t\tdata-qtmplayer-artist=\"RNA\"\n\t\t\t\t\t\tdata-qtmplayer-link=\"https:\/\/rna.ao\/rna.ao\/2023\/09\/29\/liga-portuguesa-benfica-vs-porto-jogam-hoje-na-luz\/\"\n\t\t\t\t\t\tdata-qtmplayer-icon=\"file_download\"\n\t\t\t\t\t\tdata-qtmplayer-type=\"track\"\n\t\t\t class=\"qtmplayer-play qtmplayer-link-sec qtmplayer-play-btn\"><i class='material-icons'>play_arrow<\/i><\/span>\n\t\t<p>\n\t\t\t<span class=\"qtmplayer-tit\">Liga Portuguesa: Benfica vs Porto jogam hoje na Luz<\/span>\n\t\t\t<span class=\"qtmplayer-art\">RNA<\/span>\n\t\t<\/p>\n\t<\/li>\n\t\t<\/ul>\n\t<\/div>\t\t\t\n\t\n<p style=\"font-weight: 400;\">Do lado do F.C. do Porto falou o treinador S\u00e9rgio Concei\u00e7\u00e3o. Clique no \u00e1udio e ou\u00e7a:<\/p>\n\t<div class=\"qtmplayer-playlist-large\">\n\t\t<ul class=\"qtmplayer-playlist\">\n\t\t\t\n\t\t\t\t\t<li class=\"qtmplayer-trackitem\">\n\t\t<img src=\"https:\/\/rna.ao\/rna.ao\/wp-content\/uploads\/2023\/09\/Estadio-da-Luz-1-100x100.jpg\" alt=\"cover\">\t\t<span \t\t\tdata-qtmplayer-cover=\"https:\/\/rna.ao\/rna.ao\/wp-content\/uploads\/2023\/09\/Estadio-da-Luz-1.jpg\"\n\t\t\t\t\t\tdata-qtmplayer-file=\"https:\/\/rna.ao\/rna.ao\/wp-content\/uploads\/2023\/09\/10-SERGIO-CONCEICAO-29-09-23.mp3\"\n\t\t\t\t\t\tdata-qtmplayer-title=\"Liga Portuguesa: Benfica vs Porto jogam hoje na Luz\"\n\t\t\t\t\t\tdata-qtmplayer-artist=\"RNA\"\n\t\t\t\t\t\tdata-qtmplayer-link=\"https:\/\/rna.ao\/rna.ao\/2023\/09\/29\/liga-portuguesa-benfica-vs-porto-jogam-hoje-na-luz\/\"\n\t\t\t\t\t\tdata-qtmplayer-icon=\"file_download\"\n\t\t\t\t\t\tdata-qtmplayer-type=\"track\"\n\t\t\t class=\"qtmplayer-play qtmplayer-link-sec qtmplayer-play-btn\"><i class='material-icons'>play_arrow<\/i><\/span>\n\t\t<p>\n\t\t\t<span class=\"qtmplayer-tit\">Liga Portuguesa: Benfica vs Porto jogam hoje na Luz<\/span>\n\t\t\t<span class=\"qtmplayer-art\">RNA<\/span>\n\t\t<\/p>\n\t<\/li>\n\t\t<\/ul>\n\t<\/div>\t\t\t\n\t\n<p style=\"font-weight: 400;\">De recordar que, amanh\u00e3 o Sporting visita o Farense. Porto e Sporting comandam o campeonato com 16 cada.<\/p>\n","protected":false},"excerpt":{"rendered":"<p>Benfica vs FC Porto jogam logo para a sequ\u00eancia da s\u00e9tima jornada do campeonato portugu\u00eas de futebol. O desafio disputa se na Luz a partir das 20 horas e 15 minutos. Roger Smith, treinador do Benfica, espera por um jogo bem disputado. Clique no \u00e1udio e ou\u00e7a: Do lado do ...<\/p>\n","protected":false},"author":8,"featured_media":117983,"comment_status":"closed","ping_status":"closed","sticky":false,"template":"","format":"standard","meta":[],"categories":[145,125,164],"tags":[],"_links":{"self":[{"href":"https:\/\/rna.ao\/rna.ao\/wp-json\/wp\/v2\/posts\/117977"}],"collection":[{"href":"https:\/\/rna.ao\/rna.ao\/wp-json\/wp\/v2\/posts"}],"about":[{"href":"https:\/\/rna.ao\/rna.ao\/wp-json\/wp\/v2\/types\/post"}],"author":[{"embeddable":true,"href":"https:\/\/rna.ao\/rna.ao\/wp-json\/wp\/v2\/users\/8"}],"replies":[{"embeddable":true,"href":"https:\/\/rna.ao\/rna.ao\/wp-json\/wp\/v2\/comments?post=117977"}],"version-history":[{"count":1,"href":"https:\/\/rna.ao\/rna.ao\/wp-json\/wp\/v2\/posts\/117977\/revisions"}],"predecessor-version":[{"id":117984,"href":"https:\/\/rna.ao\/rna.ao\/wp-json\/wp\/v2\/posts\/117977\/revisions\/117984"}],"wp:featuredmedia":[{"embeddable":true,"href":"https:\/\/rna.ao\/rna.ao\/wp-json\/wp\/v2\/media\/117983"}],"wp:attachment":[{"href":"https:\/\/rna.ao\/rna.ao\/wp-json\/wp\/v2\/media?parent=117977"}],"wp:term":[{"taxonomy":"category","embeddable":true,"href":"https:\/\/rna.ao\/rna.ao\/wp-json\/wp\/v2\/categories?post=117977"},{"taxonomy":"post_tag","embeddable":true,"href":"https:\/\/rna.ao\/rna.ao\/wp-json\/wp\/v2\/tags?post=117977"}],"curies":[{"name":"wp","href":"https:\/\/api.w.org\/{rel}","templated":true}]}}