{"id":117960,"date":"2023-09-29T06:15:13","date_gmt":"2023-09-29T05:15:13","guid":{"rendered":"https:\/\/rna.ao\/rna.ao\/?p=117960"},"modified":"2023-09-30T08:49:12","modified_gmt":"2023-09-30T07:49:12","slug":"ano-academico-2023-2024-garantidas-300-bolsas-de-estudo-para-pos-graduacao-com-caracter-inclusivo","status":"publish","type":"post","link":"https:\/\/rna.ao\/rna.ao\/2023\/09\/29\/ano-academico-2023-2024-garantidas-300-bolsas-de-estudo-para-pos-graduacao-com-caracter-inclusivo\/","title":{"rendered":"Ano Acad\u00e9mico 2023\/2024: Garantidas 300 bolsas de estudo para p\u00f3s-gradua\u00e7\u00e3o com caracter inclusivo"},"content":{"rendered":"<p><img loading=\"lazy\" class=\"size-medium wp-image-117962 aligncenter\" src=\"https:\/\/rna.ao\/rna.ao\/wp-content\/uploads\/2023\/09\/Esperanca-da-Costa-770x495.jpg\" alt=\"\" width=\"770\" height=\"495\" srcset=\"https:\/\/rna.ao\/rna.ao\/wp-content\/uploads\/2023\/09\/Esperanca-da-Costa-770x495.jpg 770w, https:\/\/rna.ao\/rna.ao\/wp-content\/uploads\/2023\/09\/Esperanca-da-Costa-1170x752.jpg 1170w, https:\/\/rna.ao\/rna.ao\/wp-content\/uploads\/2023\/09\/Esperanca-da-Costa-768x493.jpg 768w, https:\/\/rna.ao\/rna.ao\/wp-content\/uploads\/2023\/09\/Esperanca-da-Costa-1536x987.jpg 1536w, https:\/\/rna.ao\/rna.ao\/wp-content\/uploads\/2023\/09\/Esperanca-da-Costa-2048x1316.jpg 2048w\" sizes=\"(max-width: 770px) 100vw, 770px\" \/>O Ano Acad\u00e9mico 2023\/2024, com in\u00edcio previsto para o dia 02 de Outubro, vai contar com uma oferta formativa de mil e trezentos cursos.<\/p>\n<p>A Vice-Presidente da Rep\u00fablica, Esperan\u00e7a da Costa, orientou o acto de abertura, e reiterou o compromisso do Governo em melhorar o ensino no pa\u00eds.<\/p>\n<p>Esperan\u00e7a da Costa defendeu, por outro lado, a necessidade do aumento de mulheres a frequentarem o mestrado e doutoramento. Clique no \u00e1udio e ou\u00e7a:<\/p>\n\t<div class=\"qtmplayer-playlist-large\">\n\t\t<ul class=\"qtmplayer-playlist\">\n\t\t\t\n\t\t\t\t\t<li class=\"qtmplayer-trackitem\">\n\t\t<img src=\"https:\/\/rna.ao\/rna.ao\/wp-content\/uploads\/2023\/09\/Esperanca-da-Costa-1-1-100x100.jpg\" alt=\"cover\">\t\t<span \t\t\tdata-qtmplayer-cover=\"https:\/\/rna.ao\/rna.ao\/wp-content\/uploads\/2023\/09\/Esperanca-da-Costa-1-1.jpg\"\n\t\t\t\t\t\tdata-qtmplayer-file=\"https:\/\/rna.ao\/rna.ao\/wp-content\/uploads\/2023\/09\/ESPERANCA-DA-COSTA-06-HRS.mp3\"\n\t\t\t\t\t\tdata-qtmplayer-title=\"Ano Acad\u00e9mico 2023\/2024: Garantidas 300 bolsas de estudo para p\u00f3s-gradua\u00e7\u00e3o com caracter inclusivo\"\n\t\t\t\t\t\tdata-qtmplayer-artist=\"RNA\"\n\t\t\t\t\t\tdata-qtmplayer-link=\"https:\/\/rna.ao\/rna.ao\/2023\/09\/29\/ano-academico-2023-2024-garantidas-300-bolsas-de-estudo-para-pos-graduacao-com-caracter-inclusivo\/\"\n\t\t\t\t\t\tdata-qtmplayer-icon=\"file_download\"\n\t\t\t\t\t\tdata-qtmplayer-type=\"track\"\n\t\t\t class=\"qtmplayer-play qtmplayer-link-sec qtmplayer-play-btn\"><i class='material-icons'>play_arrow<\/i><\/span>\n\t\t<p>\n\t\t\t<span class=\"qtmplayer-tit\">Ano Acad\u00e9mico 2023\/2024: Garantidas 300 bolsas de estudo para p\u00f3s-gradua\u00e7\u00e3o com caracter inclusivo<\/span>\n\t\t\t<span class=\"qtmplayer-art\">RNA<\/span>\n\t\t<\/p>\n\t<\/li>\n\t\t<\/ul>\n\t<\/div>\t\t\t\n\t\n<p>Fonte: RNA<\/p>\n","protected":false},"excerpt":{"rendered":"<p>O Ano Acad\u00e9mico 2023\/2024, com in\u00edcio previsto para o dia 02 de Outubro, vai contar com uma oferta formativa de mil e trezentos cursos. A Vice-Presidente da Rep\u00fablica, Esperan\u00e7a da Costa, orientou o acto de abertura, e reiterou o compromisso do Governo em melhorar o ensino no pa\u00eds. Esperan\u00e7a da ...<\/p>\n","protected":false},"author":8,"featured_media":117963,"comment_status":"closed","ping_status":"closed","sticky":false,"template":"","format":"standard","meta":[],"categories":[142,121,164,163],"tags":[],"_links":{"self":[{"href":"https:\/\/rna.ao\/rna.ao\/wp-json\/wp\/v2\/posts\/117960"}],"collection":[{"href":"https:\/\/rna.ao\/rna.ao\/wp-json\/wp\/v2\/posts"}],"about":[{"href":"https:\/\/rna.ao\/rna.ao\/wp-json\/wp\/v2\/types\/post"}],"author":[{"embeddable":true,"href":"https:\/\/rna.ao\/rna.ao\/wp-json\/wp\/v2\/users\/8"}],"replies":[{"embeddable":true,"href":"https:\/\/rna.ao\/rna.ao\/wp-json\/wp\/v2\/comments?post=117960"}],"version-history":[{"count":1,"href":"https:\/\/rna.ao\/rna.ao\/wp-json\/wp\/v2\/posts\/117960\/revisions"}],"predecessor-version":[{"id":117964,"href":"https:\/\/rna.ao\/rna.ao\/wp-json\/wp\/v2\/posts\/117960\/revisions\/117964"}],"wp:featuredmedia":[{"embeddable":true,"href":"https:\/\/rna.ao\/rna.ao\/wp-json\/wp\/v2\/media\/117963"}],"wp:attachment":[{"href":"https:\/\/rna.ao\/rna.ao\/wp-json\/wp\/v2\/media?parent=117960"}],"wp:term":[{"taxonomy":"category","embeddable":true,"href":"https:\/\/rna.ao\/rna.ao\/wp-json\/wp\/v2\/categories?post=117960"},{"taxonomy":"post_tag","embeddable":true,"href":"https:\/\/rna.ao\/rna.ao\/wp-json\/wp\/v2\/tags?post=117960"}],"curies":[{"name":"wp","href":"https:\/\/api.w.org\/{rel}","templated":true}]}}