{"id":117955,"date":"2023-09-29T06:08:17","date_gmt":"2023-09-29T05:08:17","guid":{"rendered":"https:\/\/rna.ao\/rna.ao\/?p=117955"},"modified":"2023-09-30T08:49:23","modified_gmt":"2023-09-30T07:49:23","slug":"saude-enfermagem-com-cursos-de-especialidades-prioritarias","status":"publish","type":"post","link":"https:\/\/rna.ao\/rna.ao\/2023\/09\/29\/saude-enfermagem-com-cursos-de-especialidades-prioritarias\/","title":{"rendered":"Sa\u00fade: Enfermagem com cursos de especialidades priorit\u00e1rias"},"content":{"rendered":"<p><img loading=\"lazy\" class=\"size-full wp-image-10632 alignleft\" src=\"https:\/\/rna.ao\/rna.ao\/wp-content\/uploads\/2020\/11\/Ministra-Lutucuta.jpg\" alt=\"\" width=\"337\" height=\"252\" \/>O Conselho de Ministros aprovou quinta-feira, 28\/09, o Regulamento de Forma\u00e7\u00e3o Especializada em Enfermagem. A reuni\u00e3o foi orientada pelo Titular do Poder Executivo, Jo\u00e3o Louren\u00e7o.<\/p>\n<p>Segundo a Ministra da Sa\u00fade, S\u00edlvia Lutukuta, o curso tem a dura\u00e7\u00e3o de tr\u00eas anos, e vai dotar os profissionais em enfermagem de t\u00e9cnicas para melhor prestar servi\u00e7o nas comunidades. Clique no \u00e1udio e ou\u00e7a:<\/p>\n\t<div class=\"qtmplayer-playlist-large\">\n\t\t<ul class=\"qtmplayer-playlist\">\n\t\t\t\n\t\t\t\t\t<li class=\"qtmplayer-trackitem\">\n\t\t<img src=\"https:\/\/rna.ao\/rna.ao\/wp-content\/uploads\/2020\/11\/Ministra-Lutucuta-100x100.jpg\" alt=\"cover\">\t\t<span \t\t\tdata-qtmplayer-cover=\"https:\/\/rna.ao\/rna.ao\/wp-content\/uploads\/2020\/11\/Ministra-Lutucuta.jpg\"\n\t\t\t\t\t\tdata-qtmplayer-file=\"https:\/\/rna.ao\/rna.ao\/wp-content\/uploads\/2023\/09\/SILVIA-LUTUKUTA-06-HRS.mp3\"\n\t\t\t\t\t\tdata-qtmplayer-title=\"Sa\u00fade: Enfermagem com cursos de especialidades priorit\u00e1rias\"\n\t\t\t\t\t\tdata-qtmplayer-artist=\"RNA\"\n\t\t\t\t\t\tdata-qtmplayer-link=\"https:\/\/rna.ao\/rna.ao\/2023\/09\/29\/saude-enfermagem-com-cursos-de-especialidades-prioritarias\/\"\n\t\t\t\t\t\tdata-qtmplayer-icon=\"file_download\"\n\t\t\t\t\t\tdata-qtmplayer-type=\"track\"\n\t\t\t class=\"qtmplayer-play qtmplayer-link-sec qtmplayer-play-btn\"><i class='material-icons'>play_arrow<\/i><\/span>\n\t\t<p>\n\t\t\t<span class=\"qtmplayer-tit\">Sa\u00fade: Enfermagem com cursos de especialidades priorit\u00e1rias<\/span>\n\t\t\t<span class=\"qtmplayer-art\">RNA<\/span>\n\t\t<\/p>\n\t<\/li>\n\t\t<\/ul>\n\t<\/div>\t\t\t\n\t\n<p>Fonte: RNA<\/p>\n<p>&nbsp;<\/p>\n","protected":false},"excerpt":{"rendered":"<p>O Conselho de Ministros aprovou quinta-feira, 28\/09, o Regulamento de Forma\u00e7\u00e3o Especializada em Enfermagem. A reuni\u00e3o foi orientada pelo Titular do Poder Executivo, Jo\u00e3o Louren\u00e7o. Segundo a Ministra da Sa\u00fade, S\u00edlvia Lutukuta, o curso tem a dura\u00e7\u00e3o de tr\u00eas anos, e vai dotar os profissionais em enfermagem de t\u00e9cnicas para ...<\/p>\n","protected":false},"author":8,"featured_media":10632,"comment_status":"closed","ping_status":"closed","sticky":false,"template":"","format":"standard","meta":[],"categories":[142,121,164,163],"tags":[],"_links":{"self":[{"href":"https:\/\/rna.ao\/rna.ao\/wp-json\/wp\/v2\/posts\/117955"}],"collection":[{"href":"https:\/\/rna.ao\/rna.ao\/wp-json\/wp\/v2\/posts"}],"about":[{"href":"https:\/\/rna.ao\/rna.ao\/wp-json\/wp\/v2\/types\/post"}],"author":[{"embeddable":true,"href":"https:\/\/rna.ao\/rna.ao\/wp-json\/wp\/v2\/users\/8"}],"replies":[{"embeddable":true,"href":"https:\/\/rna.ao\/rna.ao\/wp-json\/wp\/v2\/comments?post=117955"}],"version-history":[{"count":1,"href":"https:\/\/rna.ao\/rna.ao\/wp-json\/wp\/v2\/posts\/117955\/revisions"}],"predecessor-version":[{"id":117959,"href":"https:\/\/rna.ao\/rna.ao\/wp-json\/wp\/v2\/posts\/117955\/revisions\/117959"}],"wp:featuredmedia":[{"embeddable":true,"href":"https:\/\/rna.ao\/rna.ao\/wp-json\/wp\/v2\/media\/10632"}],"wp:attachment":[{"href":"https:\/\/rna.ao\/rna.ao\/wp-json\/wp\/v2\/media?parent=117955"}],"wp:term":[{"taxonomy":"category","embeddable":true,"href":"https:\/\/rna.ao\/rna.ao\/wp-json\/wp\/v2\/categories?post=117955"},{"taxonomy":"post_tag","embeddable":true,"href":"https:\/\/rna.ao\/rna.ao\/wp-json\/wp\/v2\/tags?post=117955"}],"curies":[{"name":"wp","href":"https:\/\/api.w.org\/{rel}","templated":true}]}}