{"id":11795,"date":"2020-11-23T07:25:07","date_gmt":"2020-11-23T06:25:07","guid":{"rendered":"https:\/\/rna.ao\/rna.ao\/?p=11795"},"modified":"2020-11-23T07:25:07","modified_gmt":"2020-11-23T06:25:07","slug":"mais-de-dois-milhoes-de-registos-de-propriedades-imoveis-foram-efectuados-nas-centralidades-do-pais","status":"publish","type":"post","link":"https:\/\/rna.ao\/rna.ao\/2020\/11\/23\/mais-de-dois-milhoes-de-registos-de-propriedades-imoveis-foram-efectuados-nas-centralidades-do-pais\/","title":{"rendered":"Mais de dois milh\u00f5es de registos de propriedades im\u00f3veis foram efectuados nas centralidades do pa\u00eds"},"content":{"rendered":"<p><img loading=\"lazy\" class=\"size-full wp-image-11797 alignleft\" src=\"https:\/\/rna.ao\/rna.ao\/wp-content\/uploads\/2020\/11\/Francisco-Queiros.jpg\" alt=\"\" width=\"275\" height=\"183\" \/>Cerca de dois milh\u00f5es oitocentos e noventa e seis\u00a0 registos de Propriedades Im\u00f3veis, foram efectuados e constam de um programa que vai vigorar durante seis anos.<\/p>\n<p>De acordo com o Ministro da Justi\u00e7a e dos Direitos Humanos, Francisco Queir\u00f3s (na foto), os im\u00f3veis est\u00e3o todos localizados nas Centralidades, onde 72 por cento pertencem as fam\u00edlias, 14 por cento do Estado e 4 por cento das empresas.<\/p>\n<p>Para a efetiva\u00e7\u00e3o deste programa, est\u00e1 or\u00e7ado um valor de mais de oito bilh\u00f5es de Kwanzas. Segundo o Ministro Francisco Queir\u00f3s, com a entrada em vigor da Lei do Cadastro Nacional haver\u00e1 um melhor funcionamento do processo de registo predial.<\/p>\n<p>Quanto ao Registo Autom\u00f3vel, o Minist\u00e9rio da Justi\u00e7a e dos Direitos Humanos vai implementar medidas rigorosas, para acabar com a demora no registo e a falta de transpar\u00eancia. Clique no \u00e1udio, em baixo, e ou\u00e7a as declara\u00e7\u00f5es o Ministro:<\/p>\n\t<div class=\"qtmplayer-playlist-large\">\n\t\t<ul class=\"qtmplayer-playlist\">\n\t\t\t\n\t\t\t\t\t<li class=\"qtmplayer-trackitem\">\n\t\t<img src=\"https:\/\/rna.ao\/rna.ao\/wp-content\/uploads\/2020\/11\/Francisco-Queiros-100x100.jpg\" alt=\"cover\">\t\t<span \t\t\tdata-qtmplayer-cover=\"https:\/\/rna.ao\/rna.ao\/wp-content\/uploads\/2020\/11\/Francisco-Queiros.jpg\"\n\t\t\t\t\t\tdata-qtmplayer-file=\"https:\/\/rna.ao\/rna.ao\/wp-content\/uploads\/2020\/11\/FRANCISCO-QUEIROS.mp3\"\n\t\t\t\t\t\tdata-qtmplayer-title=\"Mais de dois milh\u00f5es de registos de propriedades im\u00f3veis foram efectuados nas centralidades do pa\u00eds\"\n\t\t\t\t\t\tdata-qtmplayer-artist=\"RNA\"\n\t\t\t\t\t\tdata-qtmplayer-link=\"https:\/\/rna.ao\/rna.ao\/2020\/11\/23\/mais-de-dois-milhoes-de-registos-de-propriedades-imoveis-foram-efectuados-nas-centralidades-do-pais\/\"\n\t\t\t\t\t\tdata-qtmplayer-icon=\"file_download\"\n\t\t\t\t\t\tdata-qtmplayer-type=\"track\"\n\t\t\t class=\"qtmplayer-play qtmplayer-link-sec qtmplayer-play-btn\"><i class='material-icons'>play_arrow<\/i><\/span>\n\t\t<p>\n\t\t\t<span class=\"qtmplayer-tit\">Mais de dois milh\u00f5es de registos de propriedades im\u00f3veis foram efectuados nas centralidades do pa\u00eds<\/span>\n\t\t\t<span class=\"qtmplayer-art\">RNA<\/span>\n\t\t<\/p>\n\t<\/li>\n\t\t<\/ul>\n\t<\/div>\t\t\t\n\t\n<p>Fonte: RNA<\/p>\n","protected":false},"excerpt":{"rendered":"<p>Cerca de dois milh\u00f5es oitocentos e noventa e seis\u00a0 registos de Propriedades Im\u00f3veis, foram efectuados e constam de um programa que vai vigorar durante seis anos. De acordo com o Ministro da Justi\u00e7a e dos Direitos Humanos, Francisco Queir\u00f3s (na foto), os im\u00f3veis est\u00e3o todos localizados nas Centralidades, onde 72 ...<\/p>\n","protected":false},"author":8,"featured_media":11797,"comment_status":"closed","ping_status":"closed","sticky":false,"template":"","format":"standard","meta":[],"categories":[142,121,164,163],"tags":[],"_links":{"self":[{"href":"https:\/\/rna.ao\/rna.ao\/wp-json\/wp\/v2\/posts\/11795"}],"collection":[{"href":"https:\/\/rna.ao\/rna.ao\/wp-json\/wp\/v2\/posts"}],"about":[{"href":"https:\/\/rna.ao\/rna.ao\/wp-json\/wp\/v2\/types\/post"}],"author":[{"embeddable":true,"href":"https:\/\/rna.ao\/rna.ao\/wp-json\/wp\/v2\/users\/8"}],"replies":[{"embeddable":true,"href":"https:\/\/rna.ao\/rna.ao\/wp-json\/wp\/v2\/comments?post=11795"}],"version-history":[{"count":1,"href":"https:\/\/rna.ao\/rna.ao\/wp-json\/wp\/v2\/posts\/11795\/revisions"}],"predecessor-version":[{"id":11798,"href":"https:\/\/rna.ao\/rna.ao\/wp-json\/wp\/v2\/posts\/11795\/revisions\/11798"}],"wp:featuredmedia":[{"embeddable":true,"href":"https:\/\/rna.ao\/rna.ao\/wp-json\/wp\/v2\/media\/11797"}],"wp:attachment":[{"href":"https:\/\/rna.ao\/rna.ao\/wp-json\/wp\/v2\/media?parent=11795"}],"wp:term":[{"taxonomy":"category","embeddable":true,"href":"https:\/\/rna.ao\/rna.ao\/wp-json\/wp\/v2\/categories?post=11795"},{"taxonomy":"post_tag","embeddable":true,"href":"https:\/\/rna.ao\/rna.ao\/wp-json\/wp\/v2\/tags?post=11795"}],"curies":[{"name":"wp","href":"https:\/\/api.w.org\/{rel}","templated":true}]}}