{"id":117946,"date":"2023-09-29T05:49:21","date_gmt":"2023-09-29T04:49:21","guid":{"rendered":"https:\/\/rna.ao\/rna.ao\/?p=117946"},"modified":"2023-09-29T05:49:21","modified_gmt":"2023-09-29T04:49:21","slug":"cm-aprova-pdn-2023-2027-traz-dois-pilares-de-desenvolvimento-assegura-ministro","status":"publish","type":"post","link":"https:\/\/rna.ao\/rna.ao\/2023\/09\/29\/cm-aprova-pdn-2023-2027-traz-dois-pilares-de-desenvolvimento-assegura-ministro\/","title":{"rendered":"CM aprova PDN 2023\/2027: &#8220;Traz dois pilares de desenvolvimento&#8221; &#8211; assegura Ministro"},"content":{"rendered":"<p><img loading=\"lazy\" class=\" wp-image-82379 aligncenter\" src=\"https:\/\/rna.ao\/rna.ao\/wp-content\/uploads\/2022\/11\/Mario-Caetano-Joao.jpg\" alt=\"\" width=\"684\" height=\"439\" \/>O Conselho de Ministros aprovou quinta-feira, 28\/09, o Plano de Desenvolvimento nacional, dos pr\u00f3ximos cinco anos.<\/p>\n<p>O PDN \u00e9 um documento estrat\u00e9gico, e vai guiar a elabora\u00e7\u00e3o das pol\u00edticas p\u00fablicas e a actualiza\u00e7\u00e3o do Governo, no per\u00edodo 2023\/2027.<\/p>\n<p>O Ministro da Economia e Planeamento, M\u00e1rio Caetano Jo\u00e3o, disse que o PDN 2023\/2027 defende uma vis\u00e3o de menos pobreza, mais emprego e seguran\u00e7a alimentar. Clique no \u00e1udio e ou\u00e7a:<\/p>\n\t<div class=\"qtmplayer-playlist-large\">\n\t\t<ul class=\"qtmplayer-playlist\">\n\t\t\t\n\t\t\t\t\t<li class=\"qtmplayer-trackitem\">\n\t\t<img src=\"https:\/\/rna.ao\/rna.ao\/wp-content\/uploads\/2023\/01\/Mario-Caetano-Joao-100x100.jpg\" alt=\"cover\">\t\t<span \t\t\tdata-qtmplayer-cover=\"https:\/\/rna.ao\/rna.ao\/wp-content\/uploads\/2023\/01\/Mario-Caetano-Joao.jpg\"\n\t\t\t\t\t\tdata-qtmplayer-file=\"https:\/\/rna.ao\/rna.ao\/wp-content\/uploads\/2023\/09\/MARIO-CAETANO-JOAO-06-HRS.mp3\"\n\t\t\t\t\t\tdata-qtmplayer-title=\"CM aprova PDN 2023\/2027: &#8220;Traz dois pilares de desenvolvimento&#8221; &#8211; assegura Ministro\"\n\t\t\t\t\t\tdata-qtmplayer-artist=\"RNA\"\n\t\t\t\t\t\tdata-qtmplayer-link=\"https:\/\/rna.ao\/rna.ao\/2023\/09\/29\/cm-aprova-pdn-2023-2027-traz-dois-pilares-de-desenvolvimento-assegura-ministro\/\"\n\t\t\t\t\t\tdata-qtmplayer-icon=\"file_download\"\n\t\t\t\t\t\tdata-qtmplayer-type=\"track\"\n\t\t\t class=\"qtmplayer-play qtmplayer-link-sec qtmplayer-play-btn\"><i class='material-icons'>play_arrow<\/i><\/span>\n\t\t<p>\n\t\t\t<span class=\"qtmplayer-tit\">CM aprova PDN 2023\/2027: &#8220;Traz dois pilares de desenvolvimento&#8221; &#8211; assegura Ministro<\/span>\n\t\t\t<span class=\"qtmplayer-art\">RNA<\/span>\n\t\t<\/p>\n\t<\/li>\n\t\t<\/ul>\n\t<\/div>\t\t\t\n\t\n<p>Fonte: RNA<\/p>\n","protected":false},"excerpt":{"rendered":"<p>O Conselho de Ministros aprovou quinta-feira, 28\/09, o Plano de Desenvolvimento nacional, dos pr\u00f3ximos cinco anos. O PDN \u00e9 um documento estrat\u00e9gico, e vai guiar a elabora\u00e7\u00e3o das pol\u00edticas p\u00fablicas e a actualiza\u00e7\u00e3o do Governo, no per\u00edodo 2023\/2027. O Ministro da Economia e Planeamento, M\u00e1rio Caetano Jo\u00e3o, disse que o ...<\/p>\n","protected":false},"author":8,"featured_media":91169,"comment_status":"closed","ping_status":"closed","sticky":false,"template":"","format":"standard","meta":[],"categories":[142,121,163],"tags":[],"_links":{"self":[{"href":"https:\/\/rna.ao\/rna.ao\/wp-json\/wp\/v2\/posts\/117946"}],"collection":[{"href":"https:\/\/rna.ao\/rna.ao\/wp-json\/wp\/v2\/posts"}],"about":[{"href":"https:\/\/rna.ao\/rna.ao\/wp-json\/wp\/v2\/types\/post"}],"author":[{"embeddable":true,"href":"https:\/\/rna.ao\/rna.ao\/wp-json\/wp\/v2\/users\/8"}],"replies":[{"embeddable":true,"href":"https:\/\/rna.ao\/rna.ao\/wp-json\/wp\/v2\/comments?post=117946"}],"version-history":[{"count":1,"href":"https:\/\/rna.ao\/rna.ao\/wp-json\/wp\/v2\/posts\/117946\/revisions"}],"predecessor-version":[{"id":117952,"href":"https:\/\/rna.ao\/rna.ao\/wp-json\/wp\/v2\/posts\/117946\/revisions\/117952"}],"wp:featuredmedia":[{"embeddable":true,"href":"https:\/\/rna.ao\/rna.ao\/wp-json\/wp\/v2\/media\/91169"}],"wp:attachment":[{"href":"https:\/\/rna.ao\/rna.ao\/wp-json\/wp\/v2\/media?parent=117946"}],"wp:term":[{"taxonomy":"category","embeddable":true,"href":"https:\/\/rna.ao\/rna.ao\/wp-json\/wp\/v2\/categories?post=117946"},{"taxonomy":"post_tag","embeddable":true,"href":"https:\/\/rna.ao\/rna.ao\/wp-json\/wp\/v2\/tags?post=117946"}],"curies":[{"name":"wp","href":"https:\/\/api.w.org\/{rel}","templated":true}]}}