{"id":117944,"date":"2023-09-29T05:40:17","date_gmt":"2023-09-29T04:40:17","guid":{"rendered":"https:\/\/rna.ao\/rna.ao\/?p=117944"},"modified":"2023-09-29T06:55:24","modified_gmt":"2023-09-29T05:55:24","slug":"processo-de-reintegracao-dos-ex-militares-agora-sob-responsabilidade-das-administracoes-municipais","status":"publish","type":"post","link":"https:\/\/rna.ao\/rna.ao\/2023\/09\/29\/processo-de-reintegracao-dos-ex-militares-agora-sob-responsabilidade-das-administracoes-municipais\/","title":{"rendered":"Processo de reintegra\u00e7\u00e3o dos ex-militares agora sob responsabilidade das Administra\u00e7\u00f5es Municipais"},"content":{"rendered":"<p><img loading=\"lazy\" class=\"size-full wp-image-117948 alignleft\" src=\"https:\/\/rna.ao\/rna.ao\/wp-content\/uploads\/2023\/09\/Reintegracao-ex-militares.jpg\" alt=\"\" width=\"372\" height=\"213\" srcset=\"https:\/\/rna.ao\/rna.ao\/wp-content\/uploads\/2023\/09\/Reintegracao-ex-militares.jpg 372w, https:\/\/rna.ao\/rna.ao\/wp-content\/uploads\/2023\/09\/Reintegracao-ex-militares-370x213.jpg 370w\" sizes=\"(max-width: 372px) 100vw, 372px\" \/>O processo de reintegra\u00e7\u00e3o dos ex-militares, levado a cabo pelo IRSEM, passa, doravante, a ser responsabilidade das Administra\u00e7\u00f5es Municipais. Em Malanje, a passagem de testemunho acontece hoje, 29 de Setembro, em acto a ser presidido pelo Secret\u00e1rio de Estado para a Ac\u00e7\u00e3o Social, L\u00facio do Amaral. Ou\u00e7a, no \u00e1udio abaixo, mais dados com o rep\u00f3rter Carlos Jorge:<\/p>\n\t<div class=\"qtmplayer-playlist-large\">\n\t\t<ul class=\"qtmplayer-playlist\">\n\t\t\t\n\t\t\t\t\t<li class=\"qtmplayer-trackitem\">\n\t\t<img src=\"https:\/\/rna.ao\/rna.ao\/wp-content\/uploads\/2023\/09\/Reintegracao-ex-militares-100x100.jpg\" alt=\"cover\">\t\t<span \t\t\tdata-qtmplayer-cover=\"https:\/\/rna.ao\/rna.ao\/wp-content\/uploads\/2023\/09\/Reintegracao-ex-militares.jpg\"\n\t\t\t\t\t\tdata-qtmplayer-file=\"https:\/\/rna.ao\/rna.ao\/wp-content\/uploads\/2023\/09\/MALANJE-IRSEM-LARGA-EX-MILITARES-06-HRS.mp3\"\n\t\t\t\t\t\tdata-qtmplayer-title=\"Processo de reintegra\u00e7\u00e3o dos ex-militares agora sob responsabilidade das Administra\u00e7\u00f5es Municipais\"\n\t\t\t\t\t\tdata-qtmplayer-artist=\"RNA\"\n\t\t\t\t\t\tdata-qtmplayer-link=\"https:\/\/rna.ao\/rna.ao\/2023\/09\/29\/processo-de-reintegracao-dos-ex-militares-agora-sob-responsabilidade-das-administracoes-municipais\/\"\n\t\t\t\t\t\tdata-qtmplayer-icon=\"file_download\"\n\t\t\t\t\t\tdata-qtmplayer-type=\"track\"\n\t\t\t class=\"qtmplayer-play qtmplayer-link-sec qtmplayer-play-btn\"><i class='material-icons'>play_arrow<\/i><\/span>\n\t\t<p>\n\t\t\t<span class=\"qtmplayer-tit\">Processo de reintegra\u00e7\u00e3o dos ex-militares agora sob responsabilidade das Administra\u00e7\u00f5es Municipais<\/span>\n\t\t\t<span class=\"qtmplayer-art\">RNA<\/span>\n\t\t<\/p>\n\t<\/li>\n\t\t<\/ul>\n\t<\/div>\t\t\t\n\t\n<p>Fonte: RNA<\/p>\n","protected":false},"excerpt":{"rendered":"<p>O processo de reintegra\u00e7\u00e3o dos ex-militares, levado a cabo pelo IRSEM, passa, doravante, a ser responsabilidade das Administra\u00e7\u00f5es Municipais. Em Malanje, a passagem de testemunho acontece hoje, 29 de Setembro, em acto a ser presidido pelo Secret\u00e1rio de Estado para a Ac\u00e7\u00e3o Social, L\u00facio do Amaral. Ou\u00e7a, no \u00e1udio abaixo, ...<\/p>\n","protected":false},"author":8,"featured_media":117948,"comment_status":"closed","ping_status":"closed","sticky":false,"template":"","format":"standard","meta":[],"categories":[142,121,164,163],"tags":[],"_links":{"self":[{"href":"https:\/\/rna.ao\/rna.ao\/wp-json\/wp\/v2\/posts\/117944"}],"collection":[{"href":"https:\/\/rna.ao\/rna.ao\/wp-json\/wp\/v2\/posts"}],"about":[{"href":"https:\/\/rna.ao\/rna.ao\/wp-json\/wp\/v2\/types\/post"}],"author":[{"embeddable":true,"href":"https:\/\/rna.ao\/rna.ao\/wp-json\/wp\/v2\/users\/8"}],"replies":[{"embeddable":true,"href":"https:\/\/rna.ao\/rna.ao\/wp-json\/wp\/v2\/comments?post=117944"}],"version-history":[{"count":1,"href":"https:\/\/rna.ao\/rna.ao\/wp-json\/wp\/v2\/posts\/117944\/revisions"}],"predecessor-version":[{"id":117949,"href":"https:\/\/rna.ao\/rna.ao\/wp-json\/wp\/v2\/posts\/117944\/revisions\/117949"}],"wp:featuredmedia":[{"embeddable":true,"href":"https:\/\/rna.ao\/rna.ao\/wp-json\/wp\/v2\/media\/117948"}],"wp:attachment":[{"href":"https:\/\/rna.ao\/rna.ao\/wp-json\/wp\/v2\/media?parent=117944"}],"wp:term":[{"taxonomy":"category","embeddable":true,"href":"https:\/\/rna.ao\/rna.ao\/wp-json\/wp\/v2\/categories?post=117944"},{"taxonomy":"post_tag","embeddable":true,"href":"https:\/\/rna.ao\/rna.ao\/wp-json\/wp\/v2\/tags?post=117944"}],"curies":[{"name":"wp","href":"https:\/\/api.w.org\/{rel}","templated":true}]}}