{"id":11786,"date":"2020-11-23T07:01:26","date_gmt":"2020-11-23T06:01:26","guid":{"rendered":"https:\/\/rna.ao\/rna.ao\/?p=11786"},"modified":"2020-11-23T07:01:26","modified_gmt":"2020-11-23T06:01:26","slug":"africa-textil-em-benguela-garante-mais-de-mil-novos-postos-de-trabalho","status":"publish","type":"post","link":"https:\/\/rna.ao\/rna.ao\/2020\/11\/23\/africa-textil-em-benguela-garante-mais-de-mil-novos-postos-de-trabalho\/","title":{"rendered":"\u00c1frica T\u00eaxtil em Benguela garante mais de mil novos postos de trabalho"},"content":{"rendered":"<p><img loading=\"lazy\" class=\"size-full wp-image-11789 alignleft\" src=\"https:\/\/rna.ao\/rna.ao\/wp-content\/uploads\/2020\/11\/Deolinda-Valiangula.jpg\" alt=\"\" width=\"275\" height=\"183\" \/>Mais de mil postos de trabalho v\u00e3o ser criados na antiga f\u00e1brica \u00c1frica T\u00eaxtil, localizada na Prov\u00edncia de Benguela, que ter\u00e1 uma gest\u00e3o a cargo de respons\u00e1veis zimbabueanos, que v\u00e3o formalizar o processo de explora\u00e7\u00e3o industrial.<\/p>\n<p>A f\u00e1brica, com nova denomina\u00e7\u00e3o: &#8220;Alasola&#8221;, ver\u00e1 o seu processo de explora\u00e7\u00e3o formalizado no dia 15 de Dezembro, do ano em curso, depois de conclu\u00eddo o processo de recupera\u00e7\u00e3o de activos da ind\u00fastria, conforme esclareceu, \u00e0 RNA, a Vice-Governadora para o sector pol\u00edtico, social e econ\u00f3mico, Deolinda Valiangula. Clique no \u00e1udio, em baixo, e saiba mais na reportagem:<\/p>\n\t<div class=\"qtmplayer-playlist-large\">\n\t\t<ul class=\"qtmplayer-playlist\">\n\t\t\t\n\t\t\t\t\t<li class=\"qtmplayer-trackitem\">\n\t\t<img src=\"https:\/\/rna.ao\/rna.ao\/wp-content\/uploads\/2020\/11\/Deolinda-Valiangula-100x100.jpg\" alt=\"cover\">\t\t<span \t\t\tdata-qtmplayer-cover=\"https:\/\/rna.ao\/rna.ao\/wp-content\/uploads\/2020\/11\/Deolinda-Valiangula.jpg\"\n\t\t\t\t\t\tdata-qtmplayer-file=\"https:\/\/rna.ao\/rna.ao\/wp-content\/uploads\/2020\/11\/BENGUELA-AFRICA-TEXTIL-06-HRS.mp3\"\n\t\t\t\t\t\tdata-qtmplayer-title=\"\u00c1frica T\u00eaxtil em Benguela garante mais de mil novos postos de trabalho\"\n\t\t\t\t\t\tdata-qtmplayer-artist=\"RNA\"\n\t\t\t\t\t\tdata-qtmplayer-link=\"https:\/\/rna.ao\/rna.ao\/2020\/11\/23\/africa-textil-em-benguela-garante-mais-de-mil-novos-postos-de-trabalho\/\"\n\t\t\t\t\t\tdata-qtmplayer-icon=\"file_download\"\n\t\t\t\t\t\tdata-qtmplayer-type=\"track\"\n\t\t\t class=\"qtmplayer-play qtmplayer-link-sec qtmplayer-play-btn\"><i class='material-icons'>play_arrow<\/i><\/span>\n\t\t<p>\n\t\t\t<span class=\"qtmplayer-tit\">\u00c1frica T\u00eaxtil em Benguela garante mais de mil novos postos de trabalho<\/span>\n\t\t\t<span class=\"qtmplayer-art\">RNA<\/span>\n\t\t<\/p>\n\t<\/li>\n\t\t<\/ul>\n\t<\/div>\t\t\t\n\t\n<p>Fonte: RNA &#8211; Jornalista Artur Fortunato<\/p>\n","protected":false},"excerpt":{"rendered":"<p>Mais de mil postos de trabalho v\u00e3o ser criados na antiga f\u00e1brica \u00c1frica T\u00eaxtil, localizada na Prov\u00edncia de Benguela, que ter\u00e1 uma gest\u00e3o a cargo de respons\u00e1veis zimbabueanos, que v\u00e3o formalizar o processo de explora\u00e7\u00e3o industrial. A f\u00e1brica, com nova denomina\u00e7\u00e3o: &#8220;Alasola&#8221;, ver\u00e1 o seu processo de explora\u00e7\u00e3o formalizado no ...<\/p>\n","protected":false},"author":8,"featured_media":11789,"comment_status":"closed","ping_status":"closed","sticky":false,"template":"","format":"standard","meta":[],"categories":[142,164,163],"tags":[],"_links":{"self":[{"href":"https:\/\/rna.ao\/rna.ao\/wp-json\/wp\/v2\/posts\/11786"}],"collection":[{"href":"https:\/\/rna.ao\/rna.ao\/wp-json\/wp\/v2\/posts"}],"about":[{"href":"https:\/\/rna.ao\/rna.ao\/wp-json\/wp\/v2\/types\/post"}],"author":[{"embeddable":true,"href":"https:\/\/rna.ao\/rna.ao\/wp-json\/wp\/v2\/users\/8"}],"replies":[{"embeddable":true,"href":"https:\/\/rna.ao\/rna.ao\/wp-json\/wp\/v2\/comments?post=11786"}],"version-history":[{"count":1,"href":"https:\/\/rna.ao\/rna.ao\/wp-json\/wp\/v2\/posts\/11786\/revisions"}],"predecessor-version":[{"id":11790,"href":"https:\/\/rna.ao\/rna.ao\/wp-json\/wp\/v2\/posts\/11786\/revisions\/11790"}],"wp:featuredmedia":[{"embeddable":true,"href":"https:\/\/rna.ao\/rna.ao\/wp-json\/wp\/v2\/media\/11789"}],"wp:attachment":[{"href":"https:\/\/rna.ao\/rna.ao\/wp-json\/wp\/v2\/media?parent=11786"}],"wp:term":[{"taxonomy":"category","embeddable":true,"href":"https:\/\/rna.ao\/rna.ao\/wp-json\/wp\/v2\/categories?post=11786"},{"taxonomy":"post_tag","embeddable":true,"href":"https:\/\/rna.ao\/rna.ao\/wp-json\/wp\/v2\/tags?post=11786"}],"curies":[{"name":"wp","href":"https:\/\/api.w.org\/{rel}","templated":true}]}}