{"id":11778,"date":"2020-11-23T06:38:37","date_gmt":"2020-11-23T05:38:37","guid":{"rendered":"https:\/\/rna.ao\/rna.ao\/?p=11778"},"modified":"2020-11-23T06:38:48","modified_gmt":"2020-11-23T05:38:48","slug":"covid-19-angola-recupera-70-pessoas-do-coronavirus-nas-ultimas-24-horas","status":"publish","type":"post","link":"https:\/\/rna.ao\/rna.ao\/2020\/11\/23\/covid-19-angola-recupera-70-pessoas-do-coronavirus-nas-ultimas-24-horas\/","title":{"rendered":"Covid-19: Angola recupera 73 pessoas do coronav\u00edrus nas \u00faltimas 24 horas"},"content":{"rendered":"<p><img loading=\"lazy\" class=\"wp-image-10005 alignleft\" src=\"https:\/\/rna.ao\/rna.ao\/wp-content\/uploads\/2020\/10\/Franco-Mufinda-222-1.jpg\" alt=\"\" width=\"290\" height=\"194\" \/>A Rep\u00fablica de Angola registou mais oitenta novos casos de infe\u00e7\u00f5es, pelo novo coronav\u00edrus, com mais uma morte e recupera\u00e7\u00e3o de\u00a0 setenta e tr\u00eas pessoas da doen\u00e7a.<\/p>\n<p>Segundo o Secret\u00e1rio de Estado para a Sa\u00fade P\u00fablica, Franco Mufinda, dos novos casos, quarenta e tr\u00eas foram notificados em Luanda, vinte e dois no Moxico, tr\u00eas no Cuanza-Sul, tr\u00eas no Cunene, um no Cuanza-norte e um no U\u00edge. Clique no \u00e1udio, em baixo, e ou\u00e7a:<\/p>\n\t<div class=\"qtmplayer-playlist-large\">\n\t\t<ul class=\"qtmplayer-playlist\">\n\t\t\t\n\t\t\t\t\t<li class=\"qtmplayer-trackitem\">\n\t\t<img src=\"https:\/\/rna.ao\/rna.ao\/wp-content\/uploads\/2020\/10\/Franco-Mufinda-222-100x100.jpg\" alt=\"cover\">\t\t<span \t\t\tdata-qtmplayer-cover=\"https:\/\/rna.ao\/rna.ao\/wp-content\/uploads\/2020\/10\/Franco-Mufinda-222-370x370.jpg\"\n\t\t\t\t\t\tdata-qtmplayer-file=\"https:\/\/rna.ao\/rna.ao\/wp-content\/uploads\/2020\/11\/FRANCO-MUFINDA-06-HRS.mp3\"\n\t\t\t\t\t\tdata-qtmplayer-title=\"Covid-19: Angola recupera 73 pessoas do coronav\u00edrus nas \u00faltimas 24 horas\"\n\t\t\t\t\t\tdata-qtmplayer-artist=\"RNA\"\n\t\t\t\t\t\tdata-qtmplayer-link=\"https:\/\/rna.ao\/rna.ao\/2020\/11\/23\/covid-19-angola-recupera-70-pessoas-do-coronavirus-nas-ultimas-24-horas\/\"\n\t\t\t\t\t\tdata-qtmplayer-icon=\"file_download\"\n\t\t\t\t\t\tdata-qtmplayer-type=\"track\"\n\t\t\t class=\"qtmplayer-play qtmplayer-link-sec qtmplayer-play-btn\"><i class='material-icons'>play_arrow<\/i><\/span>\n\t\t<p>\n\t\t\t<span class=\"qtmplayer-tit\">Covid-19: Angola recupera 73 pessoas do coronav\u00edrus nas \u00faltimas 24 horas<\/span>\n\t\t\t<span class=\"qtmplayer-art\">RNA<\/span>\n\t\t<\/p>\n\t<\/li>\n\t\t<\/ul>\n\t<\/div>\t\t\t\n\t\n<p>Fonte: RNA<\/p>\n","protected":false},"excerpt":{"rendered":"<p>A Rep\u00fablica de Angola registou mais oitenta novos casos de infe\u00e7\u00f5es, pelo novo coronav\u00edrus, com mais uma morte e recupera\u00e7\u00e3o de\u00a0 setenta e tr\u00eas pessoas da doen\u00e7a. Segundo o Secret\u00e1rio de Estado para a Sa\u00fade P\u00fablica, Franco Mufinda, dos novos casos, quarenta e tr\u00eas foram notificados em Luanda, vinte e ...<\/p>\n","protected":false},"author":8,"featured_media":9904,"comment_status":"closed","ping_status":"closed","sticky":false,"template":"","format":"standard","meta":[],"categories":[121,141,133,164],"tags":[],"_links":{"self":[{"href":"https:\/\/rna.ao\/rna.ao\/wp-json\/wp\/v2\/posts\/11778"}],"collection":[{"href":"https:\/\/rna.ao\/rna.ao\/wp-json\/wp\/v2\/posts"}],"about":[{"href":"https:\/\/rna.ao\/rna.ao\/wp-json\/wp\/v2\/types\/post"}],"author":[{"embeddable":true,"href":"https:\/\/rna.ao\/rna.ao\/wp-json\/wp\/v2\/users\/8"}],"replies":[{"embeddable":true,"href":"https:\/\/rna.ao\/rna.ao\/wp-json\/wp\/v2\/comments?post=11778"}],"version-history":[{"count":2,"href":"https:\/\/rna.ao\/rna.ao\/wp-json\/wp\/v2\/posts\/11778\/revisions"}],"predecessor-version":[{"id":11781,"href":"https:\/\/rna.ao\/rna.ao\/wp-json\/wp\/v2\/posts\/11778\/revisions\/11781"}],"wp:featuredmedia":[{"embeddable":true,"href":"https:\/\/rna.ao\/rna.ao\/wp-json\/wp\/v2\/media\/9904"}],"wp:attachment":[{"href":"https:\/\/rna.ao\/rna.ao\/wp-json\/wp\/v2\/media?parent=11778"}],"wp:term":[{"taxonomy":"category","embeddable":true,"href":"https:\/\/rna.ao\/rna.ao\/wp-json\/wp\/v2\/categories?post=11778"},{"taxonomy":"post_tag","embeddable":true,"href":"https:\/\/rna.ao\/rna.ao\/wp-json\/wp\/v2\/tags?post=11778"}],"curies":[{"name":"wp","href":"https:\/\/api.w.org\/{rel}","templated":true}]}}