{"id":11774,"date":"2020-11-23T06:31:31","date_gmt":"2020-11-23T05:31:31","guid":{"rendered":"https:\/\/rna.ao\/rna.ao\/?p=11774"},"modified":"2020-11-23T06:32:27","modified_gmt":"2020-11-23T05:32:27","slug":"novas-medidas-de-calamidade-publica-entram-em-vigor","status":"publish","type":"post","link":"https:\/\/rna.ao\/rna.ao\/2020\/11\/23\/novas-medidas-de-calamidade-publica-entram-em-vigor\/","title":{"rendered":"Novas medidas de calamidade P\u00fablica entram em vigor"},"content":{"rendered":"<p><img loading=\"lazy\" class=\"wp-image-6869 alignleft\" src=\"https:\/\/rna.ao\/rna.ao\/wp-content\/uploads\/2020\/10\/Adao-de-Almeida-2.jpg\" alt=\"\" width=\"280\" height=\"187\" \/>J\u00e1 est\u00e1 em vigor o novo per\u00edodo de medidas estabelecidas no Decreto Presidencial sobre o Estado de Calamidade P\u00fablica, decretadas pelo Presidente da Rep\u00fablica, Jo\u00e3o Louren\u00e7o.<\/p>\n<p>Este per\u00edodo dever\u00e1 prolongar-se at\u00e9 ao dia 22 de Dezembro. De acordo com o Ministro de Estado e Chefe da Casa Civil do Presidente da Rep\u00fablica, Ad\u00e3o de Almeida, o novo per\u00edodo \u00e9 uma recondu\u00e7\u00e3o das medidas que veem a ser cumpridas no pa\u00eds.<\/p>\n<p>Ad\u00e3o de Almeida disse ainda, que ao longo do per\u00edodo sempre haver\u00e1 possibilidade de revis\u00e3o das medidas, no sentido de se refor\u00e7ar, ou aliviar, dependendo da\u00a0 evolu\u00e7\u00e3o epidemiol\u00f3gica. Clique no \u00e1udio, em baixo, e ou\u00e7a:<\/p>\n\t<div class=\"qtmplayer-playlist-large\">\n\t\t<ul class=\"qtmplayer-playlist\">\n\t\t\t\n\t\t\t\t\t<li class=\"qtmplayer-trackitem\">\n\t\t<img src=\"https:\/\/rna.ao\/rna.ao\/wp-content\/uploads\/2020\/10\/ADAO-DE-ALMEIDA-BOM-100x100.jpg\" alt=\"cover\">\t\t<span \t\t\tdata-qtmplayer-cover=\"https:\/\/rna.ao\/rna.ao\/wp-content\/uploads\/2020\/10\/ADAO-DE-ALMEIDA-BOM.jpg\"\n\t\t\t\t\t\tdata-qtmplayer-file=\"https:\/\/rna.ao\/rna.ao\/wp-content\/uploads\/2020\/11\/ADAO-DE-ALMEIDA-06-HRS.mp3\"\n\t\t\t\t\t\tdata-qtmplayer-title=\"Novas medidas de calamidade P\u00fablica entram em vigor\"\n\t\t\t\t\t\tdata-qtmplayer-artist=\"RNA\"\n\t\t\t\t\t\tdata-qtmplayer-link=\"https:\/\/rna.ao\/rna.ao\/2020\/11\/23\/novas-medidas-de-calamidade-publica-entram-em-vigor\/\"\n\t\t\t\t\t\tdata-qtmplayer-icon=\"file_download\"\n\t\t\t\t\t\tdata-qtmplayer-type=\"track\"\n\t\t\t class=\"qtmplayer-play qtmplayer-link-sec qtmplayer-play-btn\"><i class='material-icons'>play_arrow<\/i><\/span>\n\t\t<p>\n\t\t\t<span class=\"qtmplayer-tit\">Novas medidas de calamidade P\u00fablica entram em vigor<\/span>\n\t\t\t<span class=\"qtmplayer-art\">RNA<\/span>\n\t\t<\/p>\n\t<\/li>\n\t\t<\/ul>\n\t<\/div>\t\t\t\n\t\n<p>Fonte: RNA<\/p>\n","protected":false},"excerpt":{"rendered":"<p>J\u00e1 est\u00e1 em vigor o novo per\u00edodo de medidas estabelecidas no Decreto Presidencial sobre o Estado de Calamidade P\u00fablica, decretadas pelo Presidente da Rep\u00fablica, Jo\u00e3o Louren\u00e7o. Este per\u00edodo dever\u00e1 prolongar-se at\u00e9 ao dia 22 de Dezembro. De acordo com o Ministro de Estado e Chefe da Casa Civil do Presidente ...<\/p>\n","protected":false},"author":8,"featured_media":9445,"comment_status":"closed","ping_status":"closed","sticky":false,"template":"","format":"standard","meta":[],"categories":[142,121,163],"tags":[],"_links":{"self":[{"href":"https:\/\/rna.ao\/rna.ao\/wp-json\/wp\/v2\/posts\/11774"}],"collection":[{"href":"https:\/\/rna.ao\/rna.ao\/wp-json\/wp\/v2\/posts"}],"about":[{"href":"https:\/\/rna.ao\/rna.ao\/wp-json\/wp\/v2\/types\/post"}],"author":[{"embeddable":true,"href":"https:\/\/rna.ao\/rna.ao\/wp-json\/wp\/v2\/users\/8"}],"replies":[{"embeddable":true,"href":"https:\/\/rna.ao\/rna.ao\/wp-json\/wp\/v2\/comments?post=11774"}],"version-history":[{"count":2,"href":"https:\/\/rna.ao\/rna.ao\/wp-json\/wp\/v2\/posts\/11774\/revisions"}],"predecessor-version":[{"id":11777,"href":"https:\/\/rna.ao\/rna.ao\/wp-json\/wp\/v2\/posts\/11774\/revisions\/11777"}],"wp:featuredmedia":[{"embeddable":true,"href":"https:\/\/rna.ao\/rna.ao\/wp-json\/wp\/v2\/media\/9445"}],"wp:attachment":[{"href":"https:\/\/rna.ao\/rna.ao\/wp-json\/wp\/v2\/media?parent=11774"}],"wp:term":[{"taxonomy":"category","embeddable":true,"href":"https:\/\/rna.ao\/rna.ao\/wp-json\/wp\/v2\/categories?post=11774"},{"taxonomy":"post_tag","embeddable":true,"href":"https:\/\/rna.ao\/rna.ao\/wp-json\/wp\/v2\/tags?post=11774"}],"curies":[{"name":"wp","href":"https:\/\/api.w.org\/{rel}","templated":true}]}}