{"id":11762,"date":"2020-11-21T15:01:42","date_gmt":"2020-11-21T14:01:42","guid":{"rendered":"https:\/\/rna.ao\/rna.ao\/?p=11762"},"modified":"2020-11-21T15:01:42","modified_gmt":"2020-11-21T14:01:42","slug":"aprocal-quer-assumir-organizacao-e-realizacao-do-entrudo-na-capital-do-pais","status":"publish","type":"post","link":"https:\/\/rna.ao\/rna.ao\/2020\/11\/21\/aprocal-quer-assumir-organizacao-e-realizacao-do-entrudo-na-capital-do-pais\/","title":{"rendered":"APROCAL quer assumir organiza\u00e7\u00e3o e realiza\u00e7\u00e3o do entrudo na capital do pa\u00eds"},"content":{"rendered":"<p>&nbsp;<\/p>\n<p><img loading=\"lazy\" class=\"size-full wp-image-11764 alignleft\" src=\"https:\/\/rna.ao\/rna.ao\/wp-content\/uploads\/2020\/11\/Carnaval.jpg\" alt=\"\" width=\"301\" height=\"152\" \/>A Associa\u00e7\u00e3o Provincial do Carnaval de Luanda (APROCAL) pode iniciar o ano de 2021 de cara nova.<\/p>\n<p>Sete anos depois, a APROCAL pretende, ainda este ano, renovar os seus \u00f3rg\u00e3os sociais, por via da realiza\u00e7\u00e3o de elei\u00e7\u00f5es, como recomenda o estatuto.<\/p>\n<p>Um assunto que motiva acesos debates entre os fazedores da cultura, porque a actual direc\u00e7\u00e3o tem o seu mandato expirado, e o que se pretende \u00e9 devolver o \u201cCarnaval de Luanda\u201d \u00e0 APROCAL, o que n\u00e3o acontece, porque ela deve estar legalmente mandatada. Clique no \u00e1udio, em baixo, e saiba mais na reportagem:<\/p>\n\t<div class=\"qtmplayer-playlist-large\">\n\t\t<ul class=\"qtmplayer-playlist\">\n\t\t\t\n\t\t\t\t\t<li class=\"qtmplayer-trackitem\">\n\t\t<img src=\"https:\/\/rna.ao\/rna.ao\/wp-content\/uploads\/2020\/11\/Carnaval-100x100.jpg\" alt=\"cover\">\t\t<span \t\t\tdata-qtmplayer-cover=\"https:\/\/rna.ao\/rna.ao\/wp-content\/uploads\/2020\/11\/Carnaval.jpg\"\n\t\t\t\t\t\tdata-qtmplayer-file=\"https:\/\/rna.ao\/rna.ao\/wp-content\/uploads\/2020\/11\/WALTER-ARSENIO.mp3\"\n\t\t\t\t\t\tdata-qtmplayer-title=\"APROCAL quer assumir organiza\u00e7\u00e3o e realiza\u00e7\u00e3o do entrudo na capital do pa\u00eds\"\n\t\t\t\t\t\tdata-qtmplayer-artist=\"RNA\"\n\t\t\t\t\t\tdata-qtmplayer-link=\"https:\/\/rna.ao\/rna.ao\/2020\/11\/21\/aprocal-quer-assumir-organizacao-e-realizacao-do-entrudo-na-capital-do-pais\/\"\n\t\t\t\t\t\tdata-qtmplayer-icon=\"file_download\"\n\t\t\t\t\t\tdata-qtmplayer-type=\"track\"\n\t\t\t class=\"qtmplayer-play qtmplayer-link-sec qtmplayer-play-btn\"><i class='material-icons'>play_arrow<\/i><\/span>\n\t\t<p>\n\t\t\t<span class=\"qtmplayer-tit\">APROCAL quer assumir organiza\u00e7\u00e3o e realiza\u00e7\u00e3o do entrudo na capital do pa\u00eds<\/span>\n\t\t\t<span class=\"qtmplayer-art\">RNA<\/span>\n\t\t<\/p>\n\t<\/li>\n\t\t<\/ul>\n\t<\/div>\t\t\t\n\t\n<p>Fonte: RNA- Jornalista Walter Ars\u00e9nio<\/p>\n","protected":false},"excerpt":{"rendered":"<p>&nbsp; A Associa\u00e7\u00e3o Provincial do Carnaval de Luanda (APROCAL) pode iniciar o ano de 2021 de cara nova. Sete anos depois, a APROCAL pretende, ainda este ano, renovar os seus \u00f3rg\u00e3os sociais, por via da realiza\u00e7\u00e3o de elei\u00e7\u00f5es, como recomenda o estatuto. Um assunto que motiva acesos debates entre os ...<\/p>\n","protected":false},"author":8,"featured_media":11764,"comment_status":"closed","ping_status":"closed","sticky":false,"template":"","format":"standard","meta":[],"categories":[141,133,163],"tags":[],"_links":{"self":[{"href":"https:\/\/rna.ao\/rna.ao\/wp-json\/wp\/v2\/posts\/11762"}],"collection":[{"href":"https:\/\/rna.ao\/rna.ao\/wp-json\/wp\/v2\/posts"}],"about":[{"href":"https:\/\/rna.ao\/rna.ao\/wp-json\/wp\/v2\/types\/post"}],"author":[{"embeddable":true,"href":"https:\/\/rna.ao\/rna.ao\/wp-json\/wp\/v2\/users\/8"}],"replies":[{"embeddable":true,"href":"https:\/\/rna.ao\/rna.ao\/wp-json\/wp\/v2\/comments?post=11762"}],"version-history":[{"count":1,"href":"https:\/\/rna.ao\/rna.ao\/wp-json\/wp\/v2\/posts\/11762\/revisions"}],"predecessor-version":[{"id":11765,"href":"https:\/\/rna.ao\/rna.ao\/wp-json\/wp\/v2\/posts\/11762\/revisions\/11765"}],"wp:featuredmedia":[{"embeddable":true,"href":"https:\/\/rna.ao\/rna.ao\/wp-json\/wp\/v2\/media\/11764"}],"wp:attachment":[{"href":"https:\/\/rna.ao\/rna.ao\/wp-json\/wp\/v2\/media?parent=11762"}],"wp:term":[{"taxonomy":"category","embeddable":true,"href":"https:\/\/rna.ao\/rna.ao\/wp-json\/wp\/v2\/categories?post=11762"},{"taxonomy":"post_tag","embeddable":true,"href":"https:\/\/rna.ao\/rna.ao\/wp-json\/wp\/v2\/tags?post=11762"}],"curies":[{"name":"wp","href":"https:\/\/api.w.org\/{rel}","templated":true}]}}