{"id":116898,"date":"2023-09-19T07:35:55","date_gmt":"2023-09-19T06:35:55","guid":{"rendered":"https:\/\/rna.ao\/rna.ao\/?p=116898"},"modified":"2023-09-19T07:35:55","modified_gmt":"2023-09-19T06:35:55","slug":"williete-de-benguela-pretende-ocupar-primeira-posicao-do-girabola","status":"publish","type":"post","link":"https:\/\/rna.ao\/rna.ao\/2023\/09\/19\/williete-de-benguela-pretende-ocupar-primeira-posicao-do-girabola\/","title":{"rendered":"Williete de Benguela pretende ocupar primeira posi\u00e7\u00e3o do Girabola"},"content":{"rendered":"<p style=\"font-weight: 400;\"><img loading=\"lazy\" class=\"size-full wp-image-116900 alignleft\" src=\"https:\/\/rna.ao\/rna.ao\/wp-content\/uploads\/2023\/09\/Williete-de-Benguela.jpg\" alt=\"\" width=\"333\" height=\"172\" \/>A Direc\u00e7\u00e3o\u00a0 do\u00a0 Williete\u00a0\u00a0 de Benguela, d\u00e1 aten\u00e7\u00e3o a organiza\u00e7\u00e3o \u00a0administrativa enquanto aguarda\u00a0 pelo come\u00e7o\u00a0\u00a0 do Girabola 2023-2024. O objectivo dos verdes da cidade das Ac\u00e1cias rubras, \u00e9 ocupar a primeira posi\u00e7\u00e3o do pr\u00f3ximo Girabola. Quem o diz \u00e9 o seu Secret\u00e1rio-Geral, Vitorino Vissele.\u00a0Clique no \u00e1udio e ou\u00e7a:<\/p>\n\t<div class=\"qtmplayer-playlist-large\">\n\t\t<ul class=\"qtmplayer-playlist\">\n\t\t\t\n\t\t\t\t\t<li class=\"qtmplayer-trackitem\">\n\t\t<img src=\"https:\/\/rna.ao\/rna.ao\/wp-content\/uploads\/2023\/09\/Williete-de-Benguela-100x100.jpg\" alt=\"cover\">\t\t<span \t\t\tdata-qtmplayer-cover=\"https:\/\/rna.ao\/rna.ao\/wp-content\/uploads\/2023\/09\/Williete-de-Benguela.jpg\"\n\t\t\t\t\t\tdata-qtmplayer-file=\"https:\/\/rna.ao\/rna.ao\/wp-content\/uploads\/2023\/09\/9-VICTORINO-VISSEL-19-09-2023.mp3\"\n\t\t\t\t\t\tdata-qtmplayer-title=\"Williete de Benguela pretende ocupar primeira posi\u00e7\u00e3o do Girabola\"\n\t\t\t\t\t\tdata-qtmplayer-artist=\"RNA\"\n\t\t\t\t\t\tdata-qtmplayer-link=\"https:\/\/rna.ao\/rna.ao\/2023\/09\/19\/williete-de-benguela-pretende-ocupar-primeira-posicao-do-girabola\/\"\n\t\t\t\t\t\tdata-qtmplayer-icon=\"file_download\"\n\t\t\t\t\t\tdata-qtmplayer-type=\"track\"\n\t\t\t class=\"qtmplayer-play qtmplayer-link-sec qtmplayer-play-btn\"><i class='material-icons'>play_arrow<\/i><\/span>\n\t\t<p>\n\t\t\t<span class=\"qtmplayer-tit\">Williete de Benguela pretende ocupar primeira posi\u00e7\u00e3o do Girabola<\/span>\n\t\t\t<span class=\"qtmplayer-art\">RNA<\/span>\n\t\t<\/p>\n\t<\/li>\n\t\t<\/ul>\n\t<\/div>\t\t\t\n\t\n","protected":false},"excerpt":{"rendered":"<p>A Direc\u00e7\u00e3o\u00a0 do\u00a0 Williete\u00a0\u00a0 de Benguela, d\u00e1 aten\u00e7\u00e3o a organiza\u00e7\u00e3o \u00a0administrativa enquanto aguarda\u00a0 pelo come\u00e7o\u00a0\u00a0 do Girabola 2023-2024. O objectivo dos verdes da cidade das Ac\u00e1cias rubras, \u00e9 ocupar a primeira posi\u00e7\u00e3o do pr\u00f3ximo Girabola. Quem o diz \u00e9 o seu Secret\u00e1rio-Geral, Vitorino Vissele.\u00a0Clique no \u00e1udio e ou\u00e7a:<\/p>\n","protected":false},"author":8,"featured_media":116900,"comment_status":"closed","ping_status":"closed","sticky":false,"template":"","format":"standard","meta":[],"categories":[145,125,164],"tags":[],"_links":{"self":[{"href":"https:\/\/rna.ao\/rna.ao\/wp-json\/wp\/v2\/posts\/116898"}],"collection":[{"href":"https:\/\/rna.ao\/rna.ao\/wp-json\/wp\/v2\/posts"}],"about":[{"href":"https:\/\/rna.ao\/rna.ao\/wp-json\/wp\/v2\/types\/post"}],"author":[{"embeddable":true,"href":"https:\/\/rna.ao\/rna.ao\/wp-json\/wp\/v2\/users\/8"}],"replies":[{"embeddable":true,"href":"https:\/\/rna.ao\/rna.ao\/wp-json\/wp\/v2\/comments?post=116898"}],"version-history":[{"count":1,"href":"https:\/\/rna.ao\/rna.ao\/wp-json\/wp\/v2\/posts\/116898\/revisions"}],"predecessor-version":[{"id":116901,"href":"https:\/\/rna.ao\/rna.ao\/wp-json\/wp\/v2\/posts\/116898\/revisions\/116901"}],"wp:featuredmedia":[{"embeddable":true,"href":"https:\/\/rna.ao\/rna.ao\/wp-json\/wp\/v2\/media\/116900"}],"wp:attachment":[{"href":"https:\/\/rna.ao\/rna.ao\/wp-json\/wp\/v2\/media?parent=116898"}],"wp:term":[{"taxonomy":"category","embeddable":true,"href":"https:\/\/rna.ao\/rna.ao\/wp-json\/wp\/v2\/categories?post=116898"},{"taxonomy":"post_tag","embeddable":true,"href":"https:\/\/rna.ao\/rna.ao\/wp-json\/wp\/v2\/tags?post=116898"}],"curies":[{"name":"wp","href":"https:\/\/api.w.org\/{rel}","templated":true}]}}