{"id":116874,"date":"2023-09-19T06:44:05","date_gmt":"2023-09-19T05:44:05","guid":{"rendered":"https:\/\/rna.ao\/rna.ao\/?p=116874"},"modified":"2023-09-19T06:45:52","modified_gmt":"2023-09-19T05:45:52","slug":"academica-do-lobito-ja-trabalha-na-preparacao-do-jogo-da-2a-mao-da-taca-nelson-mandela","status":"publish","type":"post","link":"https:\/\/rna.ao\/rna.ao\/2023\/09\/19\/academica-do-lobito-ja-trabalha-na-preparacao-do-jogo-da-2a-mao-da-taca-nelson-mandela\/","title":{"rendered":"Acad\u00e9mica do Lobito j\u00e1 trabalha na prepara\u00e7\u00e3o do jogo da 2\u00aa m\u00e3o da Ta\u00e7a Nelson Mandela"},"content":{"rendered":"<p style=\"font-weight: 400;\"><img loading=\"lazy\" class=\"size-full wp-image-116421 alignleft\" src=\"https:\/\/rna.ao\/rna.ao\/wp-content\/uploads\/2023\/09\/Luis-Borges.jpg\" alt=\"\" width=\"372\" height=\"213\" srcset=\"https:\/\/rna.ao\/rna.ao\/wp-content\/uploads\/2023\/09\/Luis-Borges.jpg 372w, https:\/\/rna.ao\/rna.ao\/wp-content\/uploads\/2023\/09\/Luis-Borges-370x213.jpg 370w\" sizes=\"(max-width: 372px) 100vw, 372px\" \/>O jogo da 2\u00aa m\u00e3o que acontece no dia 30 deste m\u00eas entre a Acad\u00e9mica do Lobito\u00a0 e o Al Merreikh\u00a0 do\u00a0 Sud\u00e3o do Sul, esta marcado para o Est\u00e1dio da Tundavala, na cidade do Lubango, Prov\u00edncia da Hu\u00edla. Para a mesma competi\u00e7\u00e3o, a Acad\u00e9mica do Lobito est\u00e1 bem encaminhada rumo a etapa de grupos da Ta\u00e7a Nelson Mandela, ap\u00f3s o empate a zero. O Presidente dos Lobitangas, Lu\u00eds Borges, manifesta o desejo de estar na Fase de Grupos.\u00a0Clique no \u00e1udio e ou\u00e7a:<\/p>\n\t<div class=\"qtmplayer-playlist-large\">\n\t\t<ul class=\"qtmplayer-playlist\">\n\t\t\t\n\t\t\t\t\t<li class=\"qtmplayer-trackitem\">\n\t\t<img src=\"https:\/\/rna.ao\/rna.ao\/wp-content\/uploads\/2023\/09\/Academica-do-Lobito-100x100.jpg\" alt=\"cover\">\t\t<span \t\t\tdata-qtmplayer-cover=\"https:\/\/rna.ao\/rna.ao\/wp-content\/uploads\/2023\/09\/Academica-do-Lobito.jpg\"\n\t\t\t\t\t\tdata-qtmplayer-file=\"https:\/\/rna.ao\/rna.ao\/wp-content\/uploads\/2023\/09\/4-LUIS-BORGES-19-09-23.mp3\"\n\t\t\t\t\t\tdata-qtmplayer-title=\"Acad\u00e9mica do Lobito j\u00e1 trabalha na prepara\u00e7\u00e3o do jogo da 2\u00aa m\u00e3o da Ta\u00e7a Nelson Mandela\"\n\t\t\t\t\t\tdata-qtmplayer-artist=\"RNA\"\n\t\t\t\t\t\tdata-qtmplayer-link=\"https:\/\/rna.ao\/rna.ao\/2023\/09\/19\/academica-do-lobito-ja-trabalha-na-preparacao-do-jogo-da-2a-mao-da-taca-nelson-mandela\/\"\n\t\t\t\t\t\tdata-qtmplayer-icon=\"file_download\"\n\t\t\t\t\t\tdata-qtmplayer-type=\"track\"\n\t\t\t class=\"qtmplayer-play qtmplayer-link-sec qtmplayer-play-btn\"><i class='material-icons'>play_arrow<\/i><\/span>\n\t\t<p>\n\t\t\t<span class=\"qtmplayer-tit\">Acad\u00e9mica do Lobito j\u00e1 trabalha na prepara\u00e7\u00e3o do jogo da 2\u00aa m\u00e3o da Ta\u00e7a Nelson Mandela<\/span>\n\t\t\t<span class=\"qtmplayer-art\">RNA<\/span>\n\t\t<\/p>\n\t<\/li>\n\t\t<\/ul>\n\t<\/div>\t\t\t\n\t\n<p style=\"font-weight: 400;\">De recordar que, na Liga dos Campe\u00f5es Africanos, o Petro de Luanda, campe\u00e3o nacional venceu em Maputo, a Uni\u00e3o Desportiva do Songo por 2-1, e o 1\u00ba de Agosto empatou a zero frente ao Al Hilal Ondurman do Sud\u00e3o. A 2\u00aa m\u00e3o desta eliminat\u00f3ria est\u00e1 aprazada para o dia 01 deste outro.<\/p>\n","protected":false},"excerpt":{"rendered":"<p>O jogo da 2\u00aa m\u00e3o que acontece no dia 30 deste m\u00eas entre a Acad\u00e9mica do Lobito\u00a0 e o Al Merreikh\u00a0 do\u00a0 Sud\u00e3o do Sul, esta marcado para o Est\u00e1dio da Tundavala, na cidade do Lubango, Prov\u00edncia da Hu\u00edla. Para a mesma competi\u00e7\u00e3o, a Acad\u00e9mica do Lobito est\u00e1 bem encaminhada ...<\/p>\n","protected":false},"author":8,"featured_media":116876,"comment_status":"closed","ping_status":"closed","sticky":false,"template":"","format":"standard","meta":[],"categories":[145,125,164],"tags":[],"_links":{"self":[{"href":"https:\/\/rna.ao\/rna.ao\/wp-json\/wp\/v2\/posts\/116874"}],"collection":[{"href":"https:\/\/rna.ao\/rna.ao\/wp-json\/wp\/v2\/posts"}],"about":[{"href":"https:\/\/rna.ao\/rna.ao\/wp-json\/wp\/v2\/types\/post"}],"author":[{"embeddable":true,"href":"https:\/\/rna.ao\/rna.ao\/wp-json\/wp\/v2\/users\/8"}],"replies":[{"embeddable":true,"href":"https:\/\/rna.ao\/rna.ao\/wp-json\/wp\/v2\/comments?post=116874"}],"version-history":[{"count":2,"href":"https:\/\/rna.ao\/rna.ao\/wp-json\/wp\/v2\/posts\/116874\/revisions"}],"predecessor-version":[{"id":116879,"href":"https:\/\/rna.ao\/rna.ao\/wp-json\/wp\/v2\/posts\/116874\/revisions\/116879"}],"wp:featuredmedia":[{"embeddable":true,"href":"https:\/\/rna.ao\/rna.ao\/wp-json\/wp\/v2\/media\/116876"}],"wp:attachment":[{"href":"https:\/\/rna.ao\/rna.ao\/wp-json\/wp\/v2\/media?parent=116874"}],"wp:term":[{"taxonomy":"category","embeddable":true,"href":"https:\/\/rna.ao\/rna.ao\/wp-json\/wp\/v2\/categories?post=116874"},{"taxonomy":"post_tag","embeddable":true,"href":"https:\/\/rna.ao\/rna.ao\/wp-json\/wp\/v2\/tags?post=116874"}],"curies":[{"name":"wp","href":"https:\/\/api.w.org\/{rel}","templated":true}]}}