{"id":116763,"date":"2023-09-18T06:21:40","date_gmt":"2023-09-18T05:21:40","guid":{"rendered":"https:\/\/rna.ao\/rna.ao\/?p=116763"},"modified":"2023-09-18T06:21:40","modified_gmt":"2023-09-18T05:21:40","slug":"lutadores-angolanos-brilham-e-sagram-se-campeoes-africanos-de-artes-marciais-mistas","status":"publish","type":"post","link":"https:\/\/rna.ao\/rna.ao\/2023\/09\/18\/lutadores-angolanos-brilham-e-sagram-se-campeoes-africanos-de-artes-marciais-mistas\/","title":{"rendered":"Lutadores angolanos brilham e sagram-se campe\u00f5es Africanos de Artes Marciais Mistas"},"content":{"rendered":"<p style=\"font-weight: 400;\"><img loading=\"lazy\" class=\" wp-image-116766 aligncenter\" src=\"https:\/\/rna.ao\/rna.ao\/wp-content\/uploads\/2023\/09\/MMA-Angola-podio.jpg\" alt=\"\" width=\"673\" height=\"675\" srcset=\"https:\/\/rna.ao\/rna.ao\/wp-content\/uploads\/2023\/09\/MMA-Angola-podio.jpg 428w, https:\/\/rna.ao\/rna.ao\/wp-content\/uploads\/2023\/09\/MMA-Angola-podio-150x150.jpg 150w, https:\/\/rna.ao\/rna.ao\/wp-content\/uploads\/2023\/09\/MMA-Angola-podio-100x100.jpg 100w, https:\/\/rna.ao\/rna.ao\/wp-content\/uploads\/2023\/09\/MMA-Angola-podio-370x370.jpg 370w\" sizes=\"(max-width: 673px) 100vw, 673px\" \/>Angola \u00e9 campe\u00e3 Africana de Artes Marciais Mistas (MMA). Os lutadores angolanos, que evolu\u00edram em 19 finais, brilharam, terminando em 1\u00ba lugar no quadro geral de medalhas da competi\u00e7\u00e3o.<\/p>\n<p style=\"font-weight: 400;\">Os angolanos somaram no total 19 medalhas de ouro, 10 de prata e 6 de bronze.\u00a0 Armando Diogo \u201cMestre Scot\u201d, o presidente da Federa\u00e7\u00e3o Angolana da modalidade, ressalta a import\u00e2ncia que teve essa consagra\u00e7\u00e3o continental. Clique no \u00e1udio e ou\u00e7a:<\/p>\n\t<div class=\"qtmplayer-playlist-large\">\n\t\t<ul class=\"qtmplayer-playlist\">\n\t\t\t\n\t\t\t\t\t<li class=\"qtmplayer-trackitem\">\n\t\t<img src=\"https:\/\/rna.ao\/rna.ao\/wp-content\/uploads\/2023\/09\/MMA-Angola-podio-1-100x100.jpg\" alt=\"cover\">\t\t<span \t\t\tdata-qtmplayer-cover=\"https:\/\/rna.ao\/rna.ao\/wp-content\/uploads\/2023\/09\/MMA-Angola-podio-1.jpg\"\n\t\t\t\t\t\tdata-qtmplayer-file=\"https:\/\/rna.ao\/rna.ao\/wp-content\/uploads\/2023\/09\/2-ARMANDO-DIOGO-18-09-23.mp3\"\n\t\t\t\t\t\tdata-qtmplayer-title=\"Lutadores angolanos brilham e sagram-se campe\u00f5es Africanos de Artes Marciais Mistas\"\n\t\t\t\t\t\tdata-qtmplayer-artist=\"RNA\"\n\t\t\t\t\t\tdata-qtmplayer-link=\"https:\/\/rna.ao\/rna.ao\/2023\/09\/18\/lutadores-angolanos-brilham-e-sagram-se-campeoes-africanos-de-artes-marciais-mistas\/\"\n\t\t\t\t\t\tdata-qtmplayer-icon=\"file_download\"\n\t\t\t\t\t\tdata-qtmplayer-type=\"track\"\n\t\t\t class=\"qtmplayer-play qtmplayer-link-sec qtmplayer-play-btn\"><i class='material-icons'>play_arrow<\/i><\/span>\n\t\t<p>\n\t\t\t<span class=\"qtmplayer-tit\">Lutadores angolanos brilham e sagram-se campe\u00f5es Africanos de Artes Marciais Mistas<\/span>\n\t\t\t<span class=\"qtmplayer-art\">RNA<\/span>\n\t\t<\/p>\n\t<\/li>\n\t\t<\/ul>\n\t<\/div>\t\t\t\n\t\n<p style=\"font-weight: 400;\">Orgulhosa do feito dos nossos lutadores, ficou a Secret\u00e1ria de Estado do Desporto, Teresa Ulundo \u201cChinha\u201d, que enalteceu os ganhos para o desporto nacional. Clique no \u00e1udio e ou\u00e7a:<\/p>\n\t<div class=\"qtmplayer-playlist-large\">\n\t\t<ul class=\"qtmplayer-playlist\">\n\t\t\t\n\t\t\t\t\t<li class=\"qtmplayer-trackitem\">\n\t\t<img src=\"https:\/\/rna.ao\/rna.ao\/wp-content\/uploads\/2023\/09\/MMA-Angola-podio-1-100x100.jpg\" alt=\"cover\">\t\t<span \t\t\tdata-qtmplayer-cover=\"https:\/\/rna.ao\/rna.ao\/wp-content\/uploads\/2023\/09\/MMA-Angola-podio-1.jpg\"\n\t\t\t\t\t\tdata-qtmplayer-file=\"https:\/\/rna.ao\/rna.ao\/wp-content\/uploads\/2023\/09\/3-TERESA-ULUNDO-18-09-23.mp3\"\n\t\t\t\t\t\tdata-qtmplayer-title=\"Lutadores angolanos brilham e sagram-se campe\u00f5es Africanos de Artes Marciais Mistas\"\n\t\t\t\t\t\tdata-qtmplayer-artist=\"RNA\"\n\t\t\t\t\t\tdata-qtmplayer-link=\"https:\/\/rna.ao\/rna.ao\/2023\/09\/18\/lutadores-angolanos-brilham-e-sagram-se-campeoes-africanos-de-artes-marciais-mistas\/\"\n\t\t\t\t\t\tdata-qtmplayer-icon=\"file_download\"\n\t\t\t\t\t\tdata-qtmplayer-type=\"track\"\n\t\t\t class=\"qtmplayer-play qtmplayer-link-sec qtmplayer-play-btn\"><i class='material-icons'>play_arrow<\/i><\/span>\n\t\t<p>\n\t\t\t<span class=\"qtmplayer-tit\">Lutadores angolanos brilham e sagram-se campe\u00f5es Africanos de Artes Marciais Mistas<\/span>\n\t\t\t<span class=\"qtmplayer-art\">RNA<\/span>\n\t\t<\/p>\n\t<\/li>\n\t\t<\/ul>\n\t<\/div>\t\t\t\n\t\n<p style=\"font-weight: 400;\">De recordar que participaram na prova perto de 90 lutadores em representa\u00e7\u00e3o de 11 pa\u00edses.<\/p>\n<p>Fonte: R\u00e1dio 5\/RNA<\/p>\n","protected":false},"excerpt":{"rendered":"<p>Angola \u00e9 campe\u00e3 Africana de Artes Marciais Mistas (MMA). Os lutadores angolanos, que evolu\u00edram em 19 finais, brilharam, terminando em 1\u00ba lugar no quadro geral de medalhas da competi\u00e7\u00e3o. Os angolanos somaram no total 19 medalhas de ouro, 10 de prata e 6 de bronze.\u00a0 Armando Diogo \u201cMestre Scot\u201d, o ...<\/p>\n","protected":false},"author":8,"featured_media":116767,"comment_status":"closed","ping_status":"closed","sticky":false,"template":"","format":"standard","meta":[],"categories":[145,125,164],"tags":[],"_links":{"self":[{"href":"https:\/\/rna.ao\/rna.ao\/wp-json\/wp\/v2\/posts\/116763"}],"collection":[{"href":"https:\/\/rna.ao\/rna.ao\/wp-json\/wp\/v2\/posts"}],"about":[{"href":"https:\/\/rna.ao\/rna.ao\/wp-json\/wp\/v2\/types\/post"}],"author":[{"embeddable":true,"href":"https:\/\/rna.ao\/rna.ao\/wp-json\/wp\/v2\/users\/8"}],"replies":[{"embeddable":true,"href":"https:\/\/rna.ao\/rna.ao\/wp-json\/wp\/v2\/comments?post=116763"}],"version-history":[{"count":1,"href":"https:\/\/rna.ao\/rna.ao\/wp-json\/wp\/v2\/posts\/116763\/revisions"}],"predecessor-version":[{"id":116774,"href":"https:\/\/rna.ao\/rna.ao\/wp-json\/wp\/v2\/posts\/116763\/revisions\/116774"}],"wp:featuredmedia":[{"embeddable":true,"href":"https:\/\/rna.ao\/rna.ao\/wp-json\/wp\/v2\/media\/116767"}],"wp:attachment":[{"href":"https:\/\/rna.ao\/rna.ao\/wp-json\/wp\/v2\/media?parent=116763"}],"wp:term":[{"taxonomy":"category","embeddable":true,"href":"https:\/\/rna.ao\/rna.ao\/wp-json\/wp\/v2\/categories?post=116763"},{"taxonomy":"post_tag","embeddable":true,"href":"https:\/\/rna.ao\/rna.ao\/wp-json\/wp\/v2\/tags?post=116763"}],"curies":[{"name":"wp","href":"https:\/\/api.w.org\/{rel}","templated":true}]}}