{"id":11569,"date":"2020-11-18T23:10:44","date_gmt":"2020-11-18T22:10:44","guid":{"rendered":"https:\/\/rna.ao\/rna.ao\/?p=11569"},"modified":"2020-11-18T23:10:44","modified_gmt":"2020-11-18T22:10:44","slug":"desde-2019-pac-ja-desembolsou-akz-1618-mil-milhoes","status":"publish","type":"post","link":"https:\/\/rna.ao\/rna.ao\/2020\/11\/18\/desde-2019-pac-ja-desembolsou-akz-1618-mil-milhoes\/","title":{"rendered":"Desde 2019 PAC j\u00e1 desembolsou Akz 161,8 mil milh\u00f5es"},"content":{"rendered":"<p><img loading=\"lazy\" class=\" wp-image-11571 alignleft\" src=\"https:\/\/rna.ao\/rna.ao\/wp-content\/uploads\/2020\/11\/jorge_baptistaassociacao-do-empreendedores-de-Angola.jpg\" alt=\"\" width=\"353\" height=\"257\" \/><\/p>\n<p>A execu\u00e7\u00e3o do Programa de Apoio ao Cr\u00e9dito (PAC) j\u00e1 permitiu desembolsar 161,8 mil milh\u00f5es de Kwanzas, desde 2019.<\/p>\n<p>E por conta dos investimentos j\u00e1 feitos, foi poss\u00edvel gerar mais de trinta e dois mil novos empregos, nos \u00faltimos seis meses.<\/p>\n<p>Apesar destes n\u00fameros, o presidente da Associa\u00e7\u00e3o dos Empreendedores de Angola, Jorge Baptista, mostra-se reticente quanto a efic\u00e1cia do PAC e do PRODESI, na economia real. Clique no \u00e1udio, em baixo, e ou\u00e7a:<\/p>\n\t<div class=\"qtmplayer-playlist-large\">\n\t\t<ul class=\"qtmplayer-playlist\">\n\t\t\t\n\t\t\t\t\t<li class=\"qtmplayer-trackitem\">\n\t\t<img src=\"https:\/\/rna.ao\/rna.ao\/wp-content\/uploads\/2020\/11\/jorge_baptistaassociacao-do-empreendedores-de-Angola-100x100.jpg\" alt=\"cover\">\t\t<span \t\t\tdata-qtmplayer-cover=\"https:\/\/rna.ao\/rna.ao\/wp-content\/uploads\/2020\/11\/jorge_baptistaassociacao-do-empreendedores-de-Angola.jpg\"\n\t\t\t\t\t\tdata-qtmplayer-file=\"https:\/\/rna.ao\/rna.ao\/wp-content\/uploads\/2020\/11\/JORGE-BAPTISTA.mp3\"\n\t\t\t\t\t\tdata-qtmplayer-title=\"Desde 2019 PAC j\u00e1 desembolsou Akz 161,8 mil milh\u00f5es\"\n\t\t\t\t\t\tdata-qtmplayer-artist=\"RNA\"\n\t\t\t\t\t\tdata-qtmplayer-link=\"https:\/\/rna.ao\/rna.ao\/2020\/11\/18\/desde-2019-pac-ja-desembolsou-akz-1618-mil-milhoes\/\"\n\t\t\t\t\t\tdata-qtmplayer-icon=\"file_download\"\n\t\t\t\t\t\tdata-qtmplayer-type=\"track\"\n\t\t\t class=\"qtmplayer-play qtmplayer-link-sec qtmplayer-play-btn\"><i class='material-icons'>play_arrow<\/i><\/span>\n\t\t<p>\n\t\t\t<span class=\"qtmplayer-tit\">Desde 2019 PAC j\u00e1 desembolsou Akz 161,8 mil milh\u00f5es<\/span>\n\t\t\t<span class=\"qtmplayer-art\">RNA<\/span>\n\t\t<\/p>\n\t<\/li>\n\t\t<\/ul>\n\t<\/div>\t\t\t\n\t\n<p>Fonte: RNA<\/p>\n","protected":false},"excerpt":{"rendered":"<p>A execu\u00e7\u00e3o do Programa de Apoio ao Cr\u00e9dito (PAC) j\u00e1 permitiu desembolsar 161,8 mil milh\u00f5es de Kwanzas, desde 2019. E por conta dos investimentos j\u00e1 feitos, foi poss\u00edvel gerar mais de trinta e dois mil novos empregos, nos \u00faltimos seis meses. Apesar destes n\u00fameros, o presidente da Associa\u00e7\u00e3o dos Empreendedores ...<\/p>\n","protected":false},"author":8,"featured_media":11571,"comment_status":"closed","ping_status":"closed","sticky":false,"template":"","format":"standard","meta":[],"categories":[121,163],"tags":[],"_links":{"self":[{"href":"https:\/\/rna.ao\/rna.ao\/wp-json\/wp\/v2\/posts\/11569"}],"collection":[{"href":"https:\/\/rna.ao\/rna.ao\/wp-json\/wp\/v2\/posts"}],"about":[{"href":"https:\/\/rna.ao\/rna.ao\/wp-json\/wp\/v2\/types\/post"}],"author":[{"embeddable":true,"href":"https:\/\/rna.ao\/rna.ao\/wp-json\/wp\/v2\/users\/8"}],"replies":[{"embeddable":true,"href":"https:\/\/rna.ao\/rna.ao\/wp-json\/wp\/v2\/comments?post=11569"}],"version-history":[{"count":1,"href":"https:\/\/rna.ao\/rna.ao\/wp-json\/wp\/v2\/posts\/11569\/revisions"}],"predecessor-version":[{"id":11572,"href":"https:\/\/rna.ao\/rna.ao\/wp-json\/wp\/v2\/posts\/11569\/revisions\/11572"}],"wp:featuredmedia":[{"embeddable":true,"href":"https:\/\/rna.ao\/rna.ao\/wp-json\/wp\/v2\/media\/11571"}],"wp:attachment":[{"href":"https:\/\/rna.ao\/rna.ao\/wp-json\/wp\/v2\/media?parent=11569"}],"wp:term":[{"taxonomy":"category","embeddable":true,"href":"https:\/\/rna.ao\/rna.ao\/wp-json\/wp\/v2\/categories?post=11569"},{"taxonomy":"post_tag","embeddable":true,"href":"https:\/\/rna.ao\/rna.ao\/wp-json\/wp\/v2\/tags?post=11569"}],"curies":[{"name":"wp","href":"https:\/\/api.w.org\/{rel}","templated":true}]}}