{"id":11566,"date":"2020-11-18T23:01:18","date_gmt":"2020-11-18T22:01:18","guid":{"rendered":"https:\/\/rna.ao\/rna.ao\/?p=11566"},"modified":"2020-11-18T23:01:18","modified_gmt":"2020-11-18T22:01:18","slug":"mais-cem-jovens-religiosos-em-formacao-de-empreendedorismo-em-luanda","status":"publish","type":"post","link":"https:\/\/rna.ao\/rna.ao\/2020\/11\/18\/mais-cem-jovens-religiosos-em-formacao-de-empreendedorismo-em-luanda\/","title":{"rendered":"Mais cem jovens religiosos em forma\u00e7\u00e3o de empreendedorismo em Luanda"},"content":{"rendered":"<p><img loading=\"lazy\" class=\"wp-image-9316 alignleft\" src=\"https:\/\/rna.ao\/rna.ao\/wp-content\/uploads\/2020\/10\/feira-de-emprego.jpg\" alt=\"\" width=\"287\" height=\"191\" \/><\/p>\n<p>Mais de cem jovens religiosos, em Luanda, come\u00e7aram a frequentar esta quarta-feira, 18\/11, uma forma\u00e7\u00e3o para a cria\u00e7\u00e3o do pr\u00f3prio neg\u00f3cio.<\/p>\n<p>A estrat\u00e9gia est\u00e1 inserida no projecto do Governo, de fomento ao empreendedorismo. Clique no \u00e1udio, em baixo, e saiba mais na reportagem:<\/p>\n\t<div class=\"qtmplayer-playlist-large\">\n\t\t<ul class=\"qtmplayer-playlist\">\n\t\t\t\n\t\t\t\t\t<li class=\"qtmplayer-trackitem\">\n\t\t<img src=\"https:\/\/rna.ao\/rna.ao\/wp-content\/uploads\/2020\/10\/feira-de-emprego-100x100.jpg\" alt=\"cover\">\t\t<span \t\t\tdata-qtmplayer-cover=\"https:\/\/rna.ao\/rna.ao\/wp-content\/uploads\/2020\/10\/feira-de-emprego-370x370.jpg\"\n\t\t\t\t\t\tdata-qtmplayer-file=\"https:\/\/rna.ao\/rna.ao\/wp-content\/uploads\/2020\/11\/VALDICK-BAPTISTA.mp3\"\n\t\t\t\t\t\tdata-qtmplayer-title=\"Mais cem jovens religiosos em forma\u00e7\u00e3o de empreendedorismo em Luanda\"\n\t\t\t\t\t\tdata-qtmplayer-artist=\"RNA\"\n\t\t\t\t\t\tdata-qtmplayer-link=\"https:\/\/rna.ao\/rna.ao\/2020\/11\/18\/mais-cem-jovens-religiosos-em-formacao-de-empreendedorismo-em-luanda\/\"\n\t\t\t\t\t\tdata-qtmplayer-icon=\"file_download\"\n\t\t\t\t\t\tdata-qtmplayer-type=\"track\"\n\t\t\t class=\"qtmplayer-play qtmplayer-link-sec qtmplayer-play-btn\"><i class='material-icons'>play_arrow<\/i><\/span>\n\t\t<p>\n\t\t\t<span class=\"qtmplayer-tit\">Mais cem jovens religiosos em forma\u00e7\u00e3o de empreendedorismo em Luanda<\/span>\n\t\t\t<span class=\"qtmplayer-art\">RNA<\/span>\n\t\t<\/p>\n\t<\/li>\n\t\t<\/ul>\n\t<\/div>\t\t\t\n\t\n<p>Fonte: RNA \u2013 Jornalista Valdick Baptista<\/p>\n","protected":false},"excerpt":{"rendered":"<p>Mais de cem jovens religiosos, em Luanda, come\u00e7aram a frequentar esta quarta-feira, 18\/11, uma forma\u00e7\u00e3o para a cria\u00e7\u00e3o do pr\u00f3prio neg\u00f3cio. A estrat\u00e9gia est\u00e1 inserida no projecto do Governo, de fomento ao empreendedorismo. Clique no \u00e1udio, em baixo, e saiba mais na reportagem: Fonte: RNA \u2013 Jornalista Valdick Baptista<\/p>\n","protected":false},"author":8,"featured_media":9316,"comment_status":"closed","ping_status":"closed","sticky":false,"template":"","format":"standard","meta":[],"categories":[141,133,164],"tags":[],"_links":{"self":[{"href":"https:\/\/rna.ao\/rna.ao\/wp-json\/wp\/v2\/posts\/11566"}],"collection":[{"href":"https:\/\/rna.ao\/rna.ao\/wp-json\/wp\/v2\/posts"}],"about":[{"href":"https:\/\/rna.ao\/rna.ao\/wp-json\/wp\/v2\/types\/post"}],"author":[{"embeddable":true,"href":"https:\/\/rna.ao\/rna.ao\/wp-json\/wp\/v2\/users\/8"}],"replies":[{"embeddable":true,"href":"https:\/\/rna.ao\/rna.ao\/wp-json\/wp\/v2\/comments?post=11566"}],"version-history":[{"count":1,"href":"https:\/\/rna.ao\/rna.ao\/wp-json\/wp\/v2\/posts\/11566\/revisions"}],"predecessor-version":[{"id":11568,"href":"https:\/\/rna.ao\/rna.ao\/wp-json\/wp\/v2\/posts\/11566\/revisions\/11568"}],"wp:featuredmedia":[{"embeddable":true,"href":"https:\/\/rna.ao\/rna.ao\/wp-json\/wp\/v2\/media\/9316"}],"wp:attachment":[{"href":"https:\/\/rna.ao\/rna.ao\/wp-json\/wp\/v2\/media?parent=11566"}],"wp:term":[{"taxonomy":"category","embeddable":true,"href":"https:\/\/rna.ao\/rna.ao\/wp-json\/wp\/v2\/categories?post=11566"},{"taxonomy":"post_tag","embeddable":true,"href":"https:\/\/rna.ao\/rna.ao\/wp-json\/wp\/v2\/tags?post=11566"}],"curies":[{"name":"wp","href":"https:\/\/api.w.org\/{rel}","templated":true}]}}