{"id":11562,"date":"2020-11-18T22:42:52","date_gmt":"2020-11-18T21:42:52","guid":{"rendered":"https:\/\/rna.ao\/rna.ao\/?p=11562"},"modified":"2020-11-19T09:25:38","modified_gmt":"2020-11-19T08:25:38","slug":"titular-do-maptss-lanca-pape-com-entrega-kits-de-trabalho-no-namibe","status":"publish","type":"post","link":"https:\/\/rna.ao\/rna.ao\/2020\/11\/18\/titular-do-maptss-lanca-pape-com-entrega-kits-de-trabalho-no-namibe\/","title":{"rendered":"Titular do MAPTSS lan\u00e7a PAPE com entrega de kits de trabalho no Namibe"},"content":{"rendered":"<p><img loading=\"lazy\" class=\"wp-image-6983 alignleft\" src=\"https:\/\/rna.ao\/rna.ao\/wp-content\/uploads\/2020\/10\/Ministra-teresa-dias.jpg\" alt=\"\" width=\"202\" height=\"197\" \/>A Ministra da Administra\u00e7\u00e3o P\u00fablica Trabalho e Seguran\u00e7a Social, Teresa Rodrigues da Silva, lan\u00e7ou nesta quarta-feira, 18\/11, na Prov\u00edncia do Namibe, o Plano de Ac\u00e7\u00e3o para Promo\u00e7\u00e3o da Empregabilidade (PAPE).<\/p>\n<p>A Ministra Teresa Rodrigues da Silva, apresentou os prop\u00f3sitos do projecto, numa cerim\u00f3nia que serviu, tamb\u00e9m, para a entrega de kits de trabalho aos jovens da Prov\u00edncia do Namibe. Clique no \u00e1udio, em baixo e saiba mais na reportagem:<\/p>\n\t<div class=\"qtmplayer-playlist-large\">\n\t\t<ul class=\"qtmplayer-playlist\">\n\t\t\t\n\t\t\t\t\t<li class=\"qtmplayer-trackitem\">\n\t\t<img src=\"https:\/\/rna.ao\/rna.ao\/wp-content\/uploads\/2020\/11\/Teresa-da-Silva-100x100.jpg\" alt=\"cover\">\t\t<span \t\t\tdata-qtmplayer-cover=\"https:\/\/rna.ao\/rna.ao\/wp-content\/uploads\/2020\/11\/Teresa-da-Silva.jpg\"\n\t\t\t\t\t\tdata-qtmplayer-file=\"https:\/\/rna.ao\/rna.ao\/wp-content\/uploads\/2020\/11\/ELIAS-GUITO.mp3\"\n\t\t\t\t\t\tdata-qtmplayer-title=\"Titular do MAPTSS lan\u00e7a PAPE com entrega de kits de trabalho no Namibe\"\n\t\t\t\t\t\tdata-qtmplayer-artist=\"RNA\"\n\t\t\t\t\t\tdata-qtmplayer-link=\"https:\/\/rna.ao\/rna.ao\/2020\/11\/18\/titular-do-maptss-lanca-pape-com-entrega-kits-de-trabalho-no-namibe\/\"\n\t\t\t\t\t\tdata-qtmplayer-icon=\"file_download\"\n\t\t\t\t\t\tdata-qtmplayer-type=\"track\"\n\t\t\t class=\"qtmplayer-play qtmplayer-link-sec qtmplayer-play-btn\"><i class='material-icons'>play_arrow<\/i><\/span>\n\t\t<p>\n\t\t\t<span class=\"qtmplayer-tit\">Titular do MAPTSS lan\u00e7a PAPE com entrega de kits de trabalho no Namibe<\/span>\n\t\t\t<span class=\"qtmplayer-art\">RNA<\/span>\n\t\t<\/p>\n\t<\/li>\n\t\t<\/ul>\n\t<\/div>\t\t\t\n\t\n<p>Fonte: RNA \u2013 Jornalista Elias Guito<\/p>\n","protected":false},"excerpt":{"rendered":"<p>A Ministra da Administra\u00e7\u00e3o P\u00fablica Trabalho e Seguran\u00e7a Social, Teresa Rodrigues da Silva, lan\u00e7ou nesta quarta-feira, 18\/11, na Prov\u00edncia do Namibe, o Plano de Ac\u00e7\u00e3o para Promo\u00e7\u00e3o da Empregabilidade (PAPE). A Ministra Teresa Rodrigues da Silva, apresentou os prop\u00f3sitos do projecto, numa cerim\u00f3nia que serviu, tamb\u00e9m, para a entrega de ...<\/p>\n","protected":false},"author":8,"featured_media":11564,"comment_status":"closed","ping_status":"closed","sticky":false,"template":"","format":"standard","meta":[],"categories":[142,164],"tags":[],"_links":{"self":[{"href":"https:\/\/rna.ao\/rna.ao\/wp-json\/wp\/v2\/posts\/11562"}],"collection":[{"href":"https:\/\/rna.ao\/rna.ao\/wp-json\/wp\/v2\/posts"}],"about":[{"href":"https:\/\/rna.ao\/rna.ao\/wp-json\/wp\/v2\/types\/post"}],"author":[{"embeddable":true,"href":"https:\/\/rna.ao\/rna.ao\/wp-json\/wp\/v2\/users\/8"}],"replies":[{"embeddable":true,"href":"https:\/\/rna.ao\/rna.ao\/wp-json\/wp\/v2\/comments?post=11562"}],"version-history":[{"count":2,"href":"https:\/\/rna.ao\/rna.ao\/wp-json\/wp\/v2\/posts\/11562\/revisions"}],"predecessor-version":[{"id":11637,"href":"https:\/\/rna.ao\/rna.ao\/wp-json\/wp\/v2\/posts\/11562\/revisions\/11637"}],"wp:featuredmedia":[{"embeddable":true,"href":"https:\/\/rna.ao\/rna.ao\/wp-json\/wp\/v2\/media\/11564"}],"wp:attachment":[{"href":"https:\/\/rna.ao\/rna.ao\/wp-json\/wp\/v2\/media?parent=11562"}],"wp:term":[{"taxonomy":"category","embeddable":true,"href":"https:\/\/rna.ao\/rna.ao\/wp-json\/wp\/v2\/categories?post=11562"},{"taxonomy":"post_tag","embeddable":true,"href":"https:\/\/rna.ao\/rna.ao\/wp-json\/wp\/v2\/tags?post=11562"}],"curies":[{"name":"wp","href":"https:\/\/api.w.org\/{rel}","templated":true}]}}