{"id":11559,"date":"2020-11-18T22:31:46","date_gmt":"2020-11-18T21:31:46","guid":{"rendered":"https:\/\/rna.ao\/rna.ao\/?p=11559"},"modified":"2020-11-18T23:52:56","modified_gmt":"2020-11-18T22:52:56","slug":"pap-chega-a-huila-com-aposta-na-geracao-de-emprego","status":"publish","type":"post","link":"https:\/\/rna.ao\/rna.ao\/2020\/11\/18\/pap-chega-a-huila-com-aposta-na-geracao-de-emprego\/","title":{"rendered":"PAPE chega \u00e0 Hu\u00edla com aposta na gera\u00e7\u00e3o de emprego"},"content":{"rendered":"<p><img loading=\"lazy\" class=\"size-full wp-image-10843 alignleft\" src=\"https:\/\/rna.ao\/rna.ao\/wp-content\/uploads\/2020\/11\/Teresa-Rodrigues-Dias.jpg\" alt=\"\" width=\"320\" height=\"203\" \/>A Ministra da Administra\u00e7\u00e3o P\u00fablica Trabalho e Seguran\u00e7a Social, Teresa Rodrigues da Silva, lan\u00e7ou nesta quarta-feira, 18\/11, no Munic\u00edpio da Matala, na Hu\u00edla, o Plano de Ac\u00e7\u00e3o para Promo\u00e7\u00e3o da Empregabilidade (PAPE).<\/p>\n<p>Teresa Rodrigues da Silva reiterou, na ocasi\u00e3o, que o PAPE \u00e9 um projecto voltado para o \u00edndice de redu\u00e7\u00e3o de desemprego, no pa\u00eds, e a sua execu\u00e7\u00e3o \u00e9 prova da vontade pol\u00edtica do governo de gerar emprego. Clique no \u00e1udio, em baixo, e ou\u00e7a com mais desenvolvimento na reportagem.<\/p>\n\t<div class=\"qtmplayer-playlist-large\">\n\t\t<ul class=\"qtmplayer-playlist\">\n\t\t\t\n\t\t\t\t\t<li class=\"qtmplayer-trackitem\">\n\t\t<img src=\"https:\/\/rna.ao\/rna.ao\/wp-content\/uploads\/2020\/10\/Ministra-teresa-dias-100x100.jpg\" alt=\"cover\">\t\t<span \t\t\tdata-qtmplayer-cover=\"https:\/\/rna.ao\/rna.ao\/wp-content\/uploads\/2020\/10\/Ministra-teresa-dias-370x370.jpg\"\n\t\t\t\t\t\tdata-qtmplayer-file=\"https:\/\/rna.ao\/rna.ao\/wp-content\/uploads\/2020\/11\/ANTONIA-KUZANGA.mp3\"\n\t\t\t\t\t\tdata-qtmplayer-title=\"PAPE chega \u00e0 Hu\u00edla com aposta na gera\u00e7\u00e3o de emprego\"\n\t\t\t\t\t\tdata-qtmplayer-artist=\"RNA\"\n\t\t\t\t\t\tdata-qtmplayer-link=\"https:\/\/rna.ao\/rna.ao\/2020\/11\/18\/pap-chega-a-huila-com-aposta-na-geracao-de-emprego\/\"\n\t\t\t\t\t\tdata-qtmplayer-icon=\"file_download\"\n\t\t\t\t\t\tdata-qtmplayer-type=\"track\"\n\t\t\t class=\"qtmplayer-play qtmplayer-link-sec qtmplayer-play-btn\"><i class='material-icons'>play_arrow<\/i><\/span>\n\t\t<p>\n\t\t\t<span class=\"qtmplayer-tit\">PAPE chega \u00e0 Hu\u00edla com aposta na gera\u00e7\u00e3o de emprego<\/span>\n\t\t\t<span class=\"qtmplayer-art\">RNA<\/span>\n\t\t<\/p>\n\t<\/li>\n\t\t<\/ul>\n\t<\/div>\t\t\t\n\t\n<p>Fonte: RNA \u2013 Jornalista Ant\u00f3nia Kuzanga<\/p>\n","protected":false},"excerpt":{"rendered":"<p>A Ministra da Administra\u00e7\u00e3o P\u00fablica Trabalho e Seguran\u00e7a Social, Teresa Rodrigues da Silva, lan\u00e7ou nesta quarta-feira, 18\/11, no Munic\u00edpio da Matala, na Hu\u00edla, o Plano de Ac\u00e7\u00e3o para Promo\u00e7\u00e3o da Empregabilidade (PAPE). Teresa Rodrigues da Silva reiterou, na ocasi\u00e3o, que o PAPE \u00e9 um projecto voltado para o \u00edndice de ...<\/p>\n","protected":false},"author":8,"featured_media":6983,"comment_status":"closed","ping_status":"closed","sticky":false,"template":"","format":"standard","meta":[],"categories":[121,163],"tags":[],"_links":{"self":[{"href":"https:\/\/rna.ao\/rna.ao\/wp-json\/wp\/v2\/posts\/11559"}],"collection":[{"href":"https:\/\/rna.ao\/rna.ao\/wp-json\/wp\/v2\/posts"}],"about":[{"href":"https:\/\/rna.ao\/rna.ao\/wp-json\/wp\/v2\/types\/post"}],"author":[{"embeddable":true,"href":"https:\/\/rna.ao\/rna.ao\/wp-json\/wp\/v2\/users\/8"}],"replies":[{"embeddable":true,"href":"https:\/\/rna.ao\/rna.ao\/wp-json\/wp\/v2\/comments?post=11559"}],"version-history":[{"count":2,"href":"https:\/\/rna.ao\/rna.ao\/wp-json\/wp\/v2\/posts\/11559\/revisions"}],"predecessor-version":[{"id":11593,"href":"https:\/\/rna.ao\/rna.ao\/wp-json\/wp\/v2\/posts\/11559\/revisions\/11593"}],"wp:featuredmedia":[{"embeddable":true,"href":"https:\/\/rna.ao\/rna.ao\/wp-json\/wp\/v2\/media\/6983"}],"wp:attachment":[{"href":"https:\/\/rna.ao\/rna.ao\/wp-json\/wp\/v2\/media?parent=11559"}],"wp:term":[{"taxonomy":"category","embeddable":true,"href":"https:\/\/rna.ao\/rna.ao\/wp-json\/wp\/v2\/categories?post=11559"},{"taxonomy":"post_tag","embeddable":true,"href":"https:\/\/rna.ao\/rna.ao\/wp-json\/wp\/v2\/tags?post=11559"}],"curies":[{"name":"wp","href":"https:\/\/api.w.org\/{rel}","templated":true}]}}