{"id":11555,"date":"2020-11-18T22:14:41","date_gmt":"2020-11-18T21:14:41","guid":{"rendered":"https:\/\/rna.ao\/rna.ao\/?p=11555"},"modified":"2020-11-18T22:14:41","modified_gmt":"2020-11-18T21:14:41","slug":"ministro-do-interior-garante-asseguramento-nas-manifestacoes-pacificas","status":"publish","type":"post","link":"https:\/\/rna.ao\/rna.ao\/2020\/11\/18\/ministro-do-interior-garante-asseguramento-nas-manifestacoes-pacificas\/","title":{"rendered":"Ministro do Interior garante asseguramento nas manifesta\u00e7\u00f5es pac\u00edficas"},"content":{"rendered":"<p><img loading=\"lazy\" class=\" wp-image-11557 alignleft\" src=\"https:\/\/rna.ao\/rna.ao\/wp-content\/uploads\/2020\/11\/Eugenio_Laborinho02.jpg\" alt=\"\" width=\"388\" height=\"218\" \/><\/p>\n<p>O Ministro do Interior, Eug\u00e9nio Laborinho, considerou que as \u00faltimas manifesta\u00e7\u00f5es realizadas, em Angola, foram manipula\u00e7\u00f5es de alguns c\u00edrculos internos, que pretendem, a qualquer custo, alcan\u00e7ar o poder \u00e0 margem da Constitui\u00e7\u00e3o.<\/p>\n<p>De acordo com Eug\u00e9nio Laborinho, que falava esta quarta-feira, 18\/11, em Luanda, no Conselho Consultivo do Minist\u00e9rio do Interior, este comportamento, n\u00e3o s\u00f3 demonstra o desrespeito \u00e0 democracia, como tamb\u00e9m representa a tend\u00eancia de alguns sectores, de pretender chegar ao poder, por via anticonstitucional.<\/p>\n<p>O titular da pasta do Interior chamou a aten\u00e7\u00e3o da Pol\u00edcia Nacional, para o seu papel na garantia e asseguramento das manifesta\u00e7\u00f5es legais e autorizadas. Clique no \u00e1udio, em baixo, e ou\u00e7a:<\/p>\n\t<div class=\"qtmplayer-playlist-large\">\n\t\t<ul class=\"qtmplayer-playlist\">\n\t\t\t\n\t\t\t\t\t<li class=\"qtmplayer-trackitem\">\n\t\t<img src=\"https:\/\/rna.ao\/rna.ao\/wp-content\/uploads\/2020\/11\/Eugenio_Laborinho02-100x100.jpg\" alt=\"cover\">\t\t<span \t\t\tdata-qtmplayer-cover=\"https:\/\/rna.ao\/rna.ao\/wp-content\/uploads\/2020\/11\/Eugenio_Laborinho02.jpg\"\n\t\t\t\t\t\tdata-qtmplayer-file=\"https:\/\/rna.ao\/rna.ao\/wp-content\/uploads\/2020\/11\/EUGENO-LABORINHO.mp3\"\n\t\t\t\t\t\tdata-qtmplayer-title=\"Ministro do Interior garante asseguramento nas manifesta\u00e7\u00f5es pac\u00edficas\"\n\t\t\t\t\t\tdata-qtmplayer-artist=\"RNA\"\n\t\t\t\t\t\tdata-qtmplayer-link=\"https:\/\/rna.ao\/rna.ao\/2020\/11\/18\/ministro-do-interior-garante-asseguramento-nas-manifestacoes-pacificas\/\"\n\t\t\t\t\t\tdata-qtmplayer-icon=\"file_download\"\n\t\t\t\t\t\tdata-qtmplayer-type=\"track\"\n\t\t\t class=\"qtmplayer-play qtmplayer-link-sec qtmplayer-play-btn\"><i class='material-icons'>play_arrow<\/i><\/span>\n\t\t<p>\n\t\t\t<span class=\"qtmplayer-tit\">Ministro do Interior garante asseguramento nas manifesta\u00e7\u00f5es pac\u00edficas<\/span>\n\t\t\t<span class=\"qtmplayer-art\">RNA<\/span>\n\t\t<\/p>\n\t<\/li>\n\t\t<\/ul>\n\t<\/div>\t\t\t\n\t\n<p>Fonte: RNA<\/p>\n","protected":false},"excerpt":{"rendered":"<p>O Ministro do Interior, Eug\u00e9nio Laborinho, considerou que as \u00faltimas manifesta\u00e7\u00f5es realizadas, em Angola, foram manipula\u00e7\u00f5es de alguns c\u00edrculos internos, que pretendem, a qualquer custo, alcan\u00e7ar o poder \u00e0 margem da Constitui\u00e7\u00e3o. De acordo com Eug\u00e9nio Laborinho, que falava esta quarta-feira, 18\/11, em Luanda, no Conselho Consultivo do Minist\u00e9rio do ...<\/p>\n","protected":false},"author":8,"featured_media":11557,"comment_status":"closed","ping_status":"closed","sticky":false,"template":"","format":"standard","meta":[],"categories":[142,164],"tags":[],"_links":{"self":[{"href":"https:\/\/rna.ao\/rna.ao\/wp-json\/wp\/v2\/posts\/11555"}],"collection":[{"href":"https:\/\/rna.ao\/rna.ao\/wp-json\/wp\/v2\/posts"}],"about":[{"href":"https:\/\/rna.ao\/rna.ao\/wp-json\/wp\/v2\/types\/post"}],"author":[{"embeddable":true,"href":"https:\/\/rna.ao\/rna.ao\/wp-json\/wp\/v2\/users\/8"}],"replies":[{"embeddable":true,"href":"https:\/\/rna.ao\/rna.ao\/wp-json\/wp\/v2\/comments?post=11555"}],"version-history":[{"count":1,"href":"https:\/\/rna.ao\/rna.ao\/wp-json\/wp\/v2\/posts\/11555\/revisions"}],"predecessor-version":[{"id":11558,"href":"https:\/\/rna.ao\/rna.ao\/wp-json\/wp\/v2\/posts\/11555\/revisions\/11558"}],"wp:featuredmedia":[{"embeddable":true,"href":"https:\/\/rna.ao\/rna.ao\/wp-json\/wp\/v2\/media\/11557"}],"wp:attachment":[{"href":"https:\/\/rna.ao\/rna.ao\/wp-json\/wp\/v2\/media?parent=11555"}],"wp:term":[{"taxonomy":"category","embeddable":true,"href":"https:\/\/rna.ao\/rna.ao\/wp-json\/wp\/v2\/categories?post=11555"},{"taxonomy":"post_tag","embeddable":true,"href":"https:\/\/rna.ao\/rna.ao\/wp-json\/wp\/v2\/tags?post=11555"}],"curies":[{"name":"wp","href":"https:\/\/api.w.org\/{rel}","templated":true}]}}