{"id":11552,"date":"2020-11-18T21:51:57","date_gmt":"2020-11-18T20:51:57","guid":{"rendered":"https:\/\/rna.ao\/rna.ao\/?p=11552"},"modified":"2020-11-19T00:06:12","modified_gmt":"2020-11-18T23:06:12","slug":"combate-a-malaria-hiv-e-tuberculose-continuam-nas-prioridades-do-executivo","status":"publish","type":"post","link":"https:\/\/rna.ao\/rna.ao\/2020\/11\/18\/combate-a-malaria-hiv-e-tuberculose-continuam-nas-prioridades-do-executivo\/","title":{"rendered":"Combate \u00e0 mal\u00e1ria, Hiv e Tuberculose continuam nas prioridades do executivo"},"content":{"rendered":"<p><img loading=\"lazy\" class=\"wp-image-9722 alignleft\" src=\"https:\/\/rna.ao\/rna.ao\/wp-content\/uploads\/2020\/10\/Silvia-Lutucuta-2.jpg\" alt=\"\" width=\"280\" height=\"219\" \/><\/p>\n<p>A Ministra da Sa\u00fade, S\u00edlvia Lutucuta, disse que o combate \u00e0 mal\u00e1ria, tuberculose e ao HIV-Sida, continuam nas prioridades do executivo.<\/p>\n<p>S\u00edlvia Lutucuta participou esta quarta-feira, 18\/11, num encontro, por videoconfer\u00eancia, dos Ministros da sa\u00fade da SADC, que analisou a estrat\u00e9gia de combate \u00e0 doen\u00e7a na regi\u00e3o.<\/p>\n<p>A titular da sa\u00fade, do nosso pa\u00eds, colocou assento t\u00f3nico na vontade pol\u00edtica do Governo angolano, de adquirir os anti-retrovirais nesta altura de muitas dificuldades e aperto financeiro. Clique no \u00e1udio, em baixo, e ou\u00e7a com mais desenvolvimento na reportagem:<\/p>\n\t<div class=\"qtmplayer-playlist-large\">\n\t\t<ul class=\"qtmplayer-playlist\">\n\t\t\t\n\t\t\t\t\t<li class=\"qtmplayer-trackitem\">\n\t\t<img src=\"https:\/\/rna.ao\/rna.ao\/wp-content\/uploads\/2020\/10\/Silvia-Lutucuta-2-100x100.jpg\" alt=\"cover\">\t\t<span \t\t\tdata-qtmplayer-cover=\"https:\/\/rna.ao\/rna.ao\/wp-content\/uploads\/2020\/10\/Silvia-Lutucuta-2.jpg\"\n\t\t\t\t\t\tdata-qtmplayer-file=\"https:\/\/rna.ao\/rna.ao\/wp-content\/uploads\/2020\/11\/ADRIANO-BELMIRO-4.mp3\"\n\t\t\t\t\t\tdata-qtmplayer-title=\"Combate \u00e0 mal\u00e1ria, Hiv e Tuberculose continuam nas prioridades do executivo\"\n\t\t\t\t\t\tdata-qtmplayer-artist=\"RNA\"\n\t\t\t\t\t\tdata-qtmplayer-link=\"https:\/\/rna.ao\/rna.ao\/2020\/11\/18\/combate-a-malaria-hiv-e-tuberculose-continuam-nas-prioridades-do-executivo\/\"\n\t\t\t\t\t\tdata-qtmplayer-icon=\"file_download\"\n\t\t\t\t\t\tdata-qtmplayer-type=\"track\"\n\t\t\t class=\"qtmplayer-play qtmplayer-link-sec qtmplayer-play-btn\"><i class='material-icons'>play_arrow<\/i><\/span>\n\t\t<p>\n\t\t\t<span class=\"qtmplayer-tit\">Combate \u00e0 mal\u00e1ria, Hiv e Tuberculose continuam nas prioridades do executivo<\/span>\n\t\t\t<span class=\"qtmplayer-art\">RNA<\/span>\n\t\t<\/p>\n\t<\/li>\n\t\t<\/ul>\n\t<\/div>\t\t\t\n\t\n<p>Fonte: RNA- Jornalista Adriano Belmiro<\/p>\n","protected":false},"excerpt":{"rendered":"<p>A Ministra da Sa\u00fade, S\u00edlvia Lutucuta, disse que o combate \u00e0 mal\u00e1ria, tuberculose e ao HIV-Sida, continuam nas prioridades do executivo. S\u00edlvia Lutucuta participou esta quarta-feira, 18\/11, num encontro, por videoconfer\u00eancia, dos Ministros da sa\u00fade da SADC, que analisou a estrat\u00e9gia de combate \u00e0 doen\u00e7a na regi\u00e3o. A titular da ...<\/p>\n","protected":false},"author":8,"featured_media":9722,"comment_status":"closed","ping_status":"closed","sticky":false,"template":"","format":"standard","meta":[],"categories":[142,121,163],"tags":[],"_links":{"self":[{"href":"https:\/\/rna.ao\/rna.ao\/wp-json\/wp\/v2\/posts\/11552"}],"collection":[{"href":"https:\/\/rna.ao\/rna.ao\/wp-json\/wp\/v2\/posts"}],"about":[{"href":"https:\/\/rna.ao\/rna.ao\/wp-json\/wp\/v2\/types\/post"}],"author":[{"embeddable":true,"href":"https:\/\/rna.ao\/rna.ao\/wp-json\/wp\/v2\/users\/8"}],"replies":[{"embeddable":true,"href":"https:\/\/rna.ao\/rna.ao\/wp-json\/wp\/v2\/comments?post=11552"}],"version-history":[{"count":2,"href":"https:\/\/rna.ao\/rna.ao\/wp-json\/wp\/v2\/posts\/11552\/revisions"}],"predecessor-version":[{"id":11595,"href":"https:\/\/rna.ao\/rna.ao\/wp-json\/wp\/v2\/posts\/11552\/revisions\/11595"}],"wp:featuredmedia":[{"embeddable":true,"href":"https:\/\/rna.ao\/rna.ao\/wp-json\/wp\/v2\/media\/9722"}],"wp:attachment":[{"href":"https:\/\/rna.ao\/rna.ao\/wp-json\/wp\/v2\/media?parent=11552"}],"wp:term":[{"taxonomy":"category","embeddable":true,"href":"https:\/\/rna.ao\/rna.ao\/wp-json\/wp\/v2\/categories?post=11552"},{"taxonomy":"post_tag","embeddable":true,"href":"https:\/\/rna.ao\/rna.ao\/wp-json\/wp\/v2\/tags?post=11552"}],"curies":[{"name":"wp","href":"https:\/\/api.w.org\/{rel}","templated":true}]}}