{"id":11548,"date":"2020-11-18T21:48:47","date_gmt":"2020-11-18T20:48:47","guid":{"rendered":"https:\/\/rna.ao\/rna.ao\/?p=11548"},"modified":"2020-11-18T21:48:47","modified_gmt":"2020-11-18T20:48:47","slug":"unesco-enaltece-lideranca-de-joao-lourenco-em-tempo-de-covid-19","status":"publish","type":"post","link":"https:\/\/rna.ao\/rna.ao\/2020\/11\/18\/unesco-enaltece-lideranca-de-joao-lourenco-em-tempo-de-covid-19\/","title":{"rendered":"UNESCO enaltece lideran\u00e7a de Jo\u00e3o Louren\u00e7o em tempo de Covid-19"},"content":{"rendered":"<p><img loading=\"lazy\" class=\"size-full wp-image-11550 alignleft\" src=\"https:\/\/rna.ao\/rna.ao\/wp-content\/uploads\/2020\/11\/UNESCO.jpg\" alt=\"\" width=\"275\" height=\"183\" \/><\/p>\n<p>A UNESCO sublinhou o exemplo de lideran\u00e7a do Presidente da Rep\u00fablica de Angola, Jo\u00e3o Louren\u00e7o, na educa\u00e7\u00e3o em tempo de Covid-19.<\/p>\n<p>O facto consta numa nota de imprensa, do Minist\u00e9rio da Educa\u00e7\u00e3o, sobre a reuni\u00e3o de Ministros da Educa\u00e7\u00e3o da CPLP, realizada esta quarta-feira, 18\/11, a partir da sede do Secretariado Executivo da organiza\u00e7\u00e3o internacional, em Lisboa, na modalidade virtual.<\/p>\n<p>Sobre a presid\u00eancia de Cabo-Verde, a 11\u00aa reuni\u00e3o dos Ministros da Educa\u00e7\u00e3o da CPLP, avaliou o grau de implementa\u00e7\u00e3o do plano de ac\u00e7\u00e3o de coopera\u00e7\u00e3o multilateral, no dom\u00ednio da educa\u00e7\u00e3o 2016-2020, e abordar assuntos relacionados como refor\u00e7o da coopera\u00e7\u00e3o multilateral. Clique no \u00e1udio, em baixo, e saiba mais na reportagem:<\/p>\n\t<div class=\"qtmplayer-playlist-large\">\n\t\t<ul class=\"qtmplayer-playlist\">\n\t\t\t\n\t\t\t\t\t<li class=\"qtmplayer-trackitem\">\n\t\t<img src=\"https:\/\/rna.ao\/rna.ao\/wp-content\/uploads\/2020\/11\/UNESCO-100x100.jpg\" alt=\"cover\">\t\t<span \t\t\tdata-qtmplayer-cover=\"https:\/\/rna.ao\/rna.ao\/wp-content\/uploads\/2020\/11\/UNESCO.jpg\"\n\t\t\t\t\t\tdata-qtmplayer-file=\"https:\/\/rna.ao\/rna.ao\/wp-content\/uploads\/2020\/11\/NAZARETH-DIOGO.mp3\"\n\t\t\t\t\t\tdata-qtmplayer-title=\"UNESCO enaltece lideran\u00e7a de Jo\u00e3o Louren\u00e7o em tempo de Covid-19\"\n\t\t\t\t\t\tdata-qtmplayer-artist=\"RNA\"\n\t\t\t\t\t\tdata-qtmplayer-link=\"https:\/\/rna.ao\/rna.ao\/2020\/11\/18\/unesco-enaltece-lideranca-de-joao-lourenco-em-tempo-de-covid-19\/\"\n\t\t\t\t\t\tdata-qtmplayer-icon=\"file_download\"\n\t\t\t\t\t\tdata-qtmplayer-type=\"track\"\n\t\t\t class=\"qtmplayer-play qtmplayer-link-sec qtmplayer-play-btn\"><i class='material-icons'>play_arrow<\/i><\/span>\n\t\t<p>\n\t\t\t<span class=\"qtmplayer-tit\">UNESCO enaltece lideran\u00e7a de Jo\u00e3o Louren\u00e7o em tempo de Covid-19<\/span>\n\t\t\t<span class=\"qtmplayer-art\">RNA<\/span>\n\t\t<\/p>\n\t<\/li>\n\t\t<\/ul>\n\t<\/div>\t\t\t\n\t\n<p>Fonte: RNA \u2013 Jornalista Nazareth Diogo<\/p>\n","protected":false},"excerpt":{"rendered":"<p>A UNESCO sublinhou o exemplo de lideran\u00e7a do Presidente da Rep\u00fablica de Angola, Jo\u00e3o Louren\u00e7o, na educa\u00e7\u00e3o em tempo de Covid-19. O facto consta numa nota de imprensa, do Minist\u00e9rio da Educa\u00e7\u00e3o, sobre a reuni\u00e3o de Ministros da Educa\u00e7\u00e3o da CPLP, realizada esta quarta-feira, 18\/11, a partir da sede do ...<\/p>\n","protected":false},"author":8,"featured_media":11550,"comment_status":"closed","ping_status":"closed","sticky":false,"template":"","format":"standard","meta":[],"categories":[142,121,163],"tags":[],"_links":{"self":[{"href":"https:\/\/rna.ao\/rna.ao\/wp-json\/wp\/v2\/posts\/11548"}],"collection":[{"href":"https:\/\/rna.ao\/rna.ao\/wp-json\/wp\/v2\/posts"}],"about":[{"href":"https:\/\/rna.ao\/rna.ao\/wp-json\/wp\/v2\/types\/post"}],"author":[{"embeddable":true,"href":"https:\/\/rna.ao\/rna.ao\/wp-json\/wp\/v2\/users\/8"}],"replies":[{"embeddable":true,"href":"https:\/\/rna.ao\/rna.ao\/wp-json\/wp\/v2\/comments?post=11548"}],"version-history":[{"count":1,"href":"https:\/\/rna.ao\/rna.ao\/wp-json\/wp\/v2\/posts\/11548\/revisions"}],"predecessor-version":[{"id":11551,"href":"https:\/\/rna.ao\/rna.ao\/wp-json\/wp\/v2\/posts\/11548\/revisions\/11551"}],"wp:featuredmedia":[{"embeddable":true,"href":"https:\/\/rna.ao\/rna.ao\/wp-json\/wp\/v2\/media\/11550"}],"wp:attachment":[{"href":"https:\/\/rna.ao\/rna.ao\/wp-json\/wp\/v2\/media?parent=11548"}],"wp:term":[{"taxonomy":"category","embeddable":true,"href":"https:\/\/rna.ao\/rna.ao\/wp-json\/wp\/v2\/categories?post=11548"},{"taxonomy":"post_tag","embeddable":true,"href":"https:\/\/rna.ao\/rna.ao\/wp-json\/wp\/v2\/tags?post=11548"}],"curies":[{"name":"wp","href":"https:\/\/api.w.org\/{rel}","templated":true}]}}