{"id":11530,"date":"2020-11-17T22:43:35","date_gmt":"2020-11-17T21:43:35","guid":{"rendered":"https:\/\/rna.ao\/rna.ao\/?p=11530"},"modified":"2020-11-17T22:46:03","modified_gmt":"2020-11-17T21:46:03","slug":"grupo-de-danca-fenomenos-do-semba-recebe-incentivo-do-vice-pr","status":"publish","type":"post","link":"https:\/\/rna.ao\/rna.ao\/2020\/11\/17\/grupo-de-danca-fenomenos-do-semba-recebe-incentivo-do-vice-pr\/","title":{"rendered":"Grupo de dan\u00e7a \u201cFen\u00f3menos do Semba\u201d recebe incentivo do Vice-PR"},"content":{"rendered":"<p><img loading=\"lazy\" class=\"wp-image-11536 alignleft\" src=\"https:\/\/rna.ao\/rna.ao\/wp-content\/uploads\/2020\/11\/Fenomenos-do-Semba.jpg\" alt=\"\" width=\"366\" height=\"243\" \/><\/p>\n<p>O grupo de dan\u00e7a \u201cFen\u00f3menos do Semba\u201d recebeu esta ter\u00e7a-feira, 17\/11, um incentivo, do Vice-Presidente da Rep\u00fablica, Bornito de Sousa, como reconhecimento de novos talentos angolanos.<\/p>\n<p>O grupo tornou-se conhecido, em todo o mundo, pela coreografia feita \u00e0 m\u00fasica sul-africana \u201cJerusalema\u00a0ikhaya lami \u201d, do DJ Master KG feat Nomcebo Zikode.<\/p>\n<p>Os integrantes do grupo de dan\u00e7a, &#8220;Fen\u00f3menos do Semba&#8221;, falaram com o Vice-Presidente da Rep\u00fablica, sobre projectos ligados \u00e0 dan\u00e7a e cultura angolana. Clique no \u00e1udio, em baixo, e saiba mais na reportagem:<\/p>\n\t<div class=\"qtmplayer-playlist-large\">\n\t\t<ul class=\"qtmplayer-playlist\">\n\t\t\t\n\t\t\t\t\t<li class=\"qtmplayer-trackitem\">\n\t\t<img src=\"https:\/\/rna.ao\/rna.ao\/wp-content\/uploads\/2020\/11\/Vice-PR-e-grupo-fenomenos-do-semba-100x100.jpg\" alt=\"cover\">\t\t<span \t\t\tdata-qtmplayer-cover=\"https:\/\/rna.ao\/rna.ao\/wp-content\/uploads\/2020\/11\/Vice-PR-e-grupo-fenomenos-do-semba.jpg\"\n\t\t\t\t\t\tdata-qtmplayer-file=\"https:\/\/rna.ao\/rna.ao\/wp-content\/uploads\/2020\/11\/JULIA-GONCALVES.mp3\"\n\t\t\t\t\t\tdata-qtmplayer-title=\"Grupo de dan\u00e7a \u201cFen\u00f3menos do Semba\u201d recebe incentivo do Vice-PR\"\n\t\t\t\t\t\tdata-qtmplayer-artist=\"RNA\"\n\t\t\t\t\t\tdata-qtmplayer-link=\"https:\/\/rna.ao\/rna.ao\/2020\/11\/17\/grupo-de-danca-fenomenos-do-semba-recebe-incentivo-do-vice-pr\/\"\n\t\t\t\t\t\tdata-qtmplayer-icon=\"file_download\"\n\t\t\t\t\t\tdata-qtmplayer-type=\"track\"\n\t\t\t class=\"qtmplayer-play qtmplayer-link-sec qtmplayer-play-btn\"><i class='material-icons'>play_arrow<\/i><\/span>\n\t\t<p>\n\t\t\t<span class=\"qtmplayer-tit\">Grupo de dan\u00e7a \u201cFen\u00f3menos do Semba\u201d recebe incentivo do Vice-PR<\/span>\n\t\t\t<span class=\"qtmplayer-art\">RNA<\/span>\n\t\t<\/p>\n\t<\/li>\n\t\t<\/ul>\n\t<\/div>\t\t\t\n\t\n<p>Fonte: RNA \u2013 Jornalista J\u00falia Gon\u00e7alves<\/p>\n","protected":false},"excerpt":{"rendered":"<p>O grupo de dan\u00e7a \u201cFen\u00f3menos do Semba\u201d recebeu esta ter\u00e7a-feira, 17\/11, um incentivo, do Vice-Presidente da Rep\u00fablica, Bornito de Sousa, como reconhecimento de novos talentos angolanos. O grupo tornou-se conhecido, em todo o mundo, pela coreografia feita \u00e0 m\u00fasica sul-africana \u201cJerusalema\u00a0ikhaya lami \u201d, do DJ Master KG feat Nomcebo Zikode. ...<\/p>\n","protected":false},"author":8,"featured_media":11537,"comment_status":"closed","ping_status":"closed","sticky":false,"template":"","format":"standard","meta":[],"categories":[121,164,163],"tags":[],"_links":{"self":[{"href":"https:\/\/rna.ao\/rna.ao\/wp-json\/wp\/v2\/posts\/11530"}],"collection":[{"href":"https:\/\/rna.ao\/rna.ao\/wp-json\/wp\/v2\/posts"}],"about":[{"href":"https:\/\/rna.ao\/rna.ao\/wp-json\/wp\/v2\/types\/post"}],"author":[{"embeddable":true,"href":"https:\/\/rna.ao\/rna.ao\/wp-json\/wp\/v2\/users\/8"}],"replies":[{"embeddable":true,"href":"https:\/\/rna.ao\/rna.ao\/wp-json\/wp\/v2\/comments?post=11530"}],"version-history":[{"count":3,"href":"https:\/\/rna.ao\/rna.ao\/wp-json\/wp\/v2\/posts\/11530\/revisions"}],"predecessor-version":[{"id":11540,"href":"https:\/\/rna.ao\/rna.ao\/wp-json\/wp\/v2\/posts\/11530\/revisions\/11540"}],"wp:featuredmedia":[{"embeddable":true,"href":"https:\/\/rna.ao\/rna.ao\/wp-json\/wp\/v2\/media\/11537"}],"wp:attachment":[{"href":"https:\/\/rna.ao\/rna.ao\/wp-json\/wp\/v2\/media?parent=11530"}],"wp:term":[{"taxonomy":"category","embeddable":true,"href":"https:\/\/rna.ao\/rna.ao\/wp-json\/wp\/v2\/categories?post=11530"},{"taxonomy":"post_tag","embeddable":true,"href":"https:\/\/rna.ao\/rna.ao\/wp-json\/wp\/v2\/tags?post=11530"}],"curies":[{"name":"wp","href":"https:\/\/api.w.org\/{rel}","templated":true}]}}