{"id":11461,"date":"2020-11-16T20:47:53","date_gmt":"2020-11-16T19:47:53","guid":{"rendered":"https:\/\/rna.ao\/rna.ao\/?p=11461"},"modified":"2020-11-17T06:50:42","modified_gmt":"2020-11-17T05:50:42","slug":"titular-do-maptss-inaugura-centro-de-formacao-profissional-na-matala","status":"publish","type":"post","link":"https:\/\/rna.ao\/rna.ao\/2020\/11\/16\/titular-do-maptss-inaugura-centro-de-formacao-profissional-na-matala\/","title":{"rendered":"Titular do MAPTSS inaugura Centro de Forma\u00e7\u00e3o Profissional na Matala"},"content":{"rendered":"<p><img loading=\"lazy\" class=\"size-full wp-image-10843 alignleft\" src=\"https:\/\/rna.ao\/rna.ao\/wp-content\/uploads\/2020\/11\/Teresa-Rodrigues-Dias.jpg\" alt=\"\" width=\"320\" height=\"203\" \/><\/p>\n<p>A Ministra da Administra\u00e7\u00e3o P\u00fablica, Trabalho e Seguran\u00e7a Social, Teresa Dias, inaugurou esta segunda-feira, 16\/11, um Centro de Forma\u00e7\u00e3o Profissional, no Munic\u00edpio da Matala, Prov\u00edncia da Hu\u00edla.<\/p>\n<p>Numa primeira fase, setenta e dois jovens frequentam, neste centro, os cursos de serralharia, agricultura, carpintaria e mec\u00e2nica, para a cria\u00e7\u00e3o de pequenos neg\u00f3cios. Clique no \u00e1udio, em baixo, e saiba mais na reportagem:<\/p>\n\t<div class=\"qtmplayer-playlist-large\">\n\t\t<ul class=\"qtmplayer-playlist\">\n\t\t\t\n\t\t\t\t\t<li class=\"qtmplayer-trackitem\">\n\t\t<img src=\"https:\/\/rna.ao\/rna.ao\/wp-content\/uploads\/2020\/10\/Ministra-teresa-dias-100x100.jpg\" alt=\"cover\">\t\t<span \t\t\tdata-qtmplayer-cover=\"https:\/\/rna.ao\/rna.ao\/wp-content\/uploads\/2020\/10\/Ministra-teresa-dias-370x370.jpg\"\n\t\t\t\t\t\tdata-qtmplayer-file=\"https:\/\/rna.ao\/rna.ao\/wp-content\/uploads\/2020\/11\/ANTONIA-CUZANGA.mp3\"\n\t\t\t\t\t\tdata-qtmplayer-title=\"Titular do MAPTSS inaugura Centro de Forma\u00e7\u00e3o Profissional na Matala\"\n\t\t\t\t\t\tdata-qtmplayer-artist=\"RNA\"\n\t\t\t\t\t\tdata-qtmplayer-link=\"https:\/\/rna.ao\/rna.ao\/2020\/11\/16\/titular-do-maptss-inaugura-centro-de-formacao-profissional-na-matala\/\"\n\t\t\t\t\t\tdata-qtmplayer-icon=\"file_download\"\n\t\t\t\t\t\tdata-qtmplayer-type=\"track\"\n\t\t\t class=\"qtmplayer-play qtmplayer-link-sec qtmplayer-play-btn\"><i class='material-icons'>play_arrow<\/i><\/span>\n\t\t<p>\n\t\t\t<span class=\"qtmplayer-tit\">Titular do MAPTSS inaugura Centro de Forma\u00e7\u00e3o Profissional na Matala<\/span>\n\t\t\t<span class=\"qtmplayer-art\">RNA<\/span>\n\t\t<\/p>\n\t<\/li>\n\t\t<\/ul>\n\t<\/div>\t\t\t\n\t\n<p>Fonte: RNA \u2013 Jornalista Ant\u00f3nia Cuzanga<\/p>\n","protected":false},"excerpt":{"rendered":"<p>A Ministra da Administra\u00e7\u00e3o P\u00fablica, Trabalho e Seguran\u00e7a Social, Teresa Dias, inaugurou esta segunda-feira, 16\/11, um Centro de Forma\u00e7\u00e3o Profissional, no Munic\u00edpio da Matala, Prov\u00edncia da Hu\u00edla. Numa primeira fase, setenta e dois jovens frequentam, neste centro, os cursos de serralharia, agricultura, carpintaria e mec\u00e2nica, para a cria\u00e7\u00e3o de pequenos ...<\/p>\n","protected":false},"author":8,"featured_media":6983,"comment_status":"closed","ping_status":"closed","sticky":false,"template":"","format":"standard","meta":[],"categories":[121,164],"tags":[],"_links":{"self":[{"href":"https:\/\/rna.ao\/rna.ao\/wp-json\/wp\/v2\/posts\/11461"}],"collection":[{"href":"https:\/\/rna.ao\/rna.ao\/wp-json\/wp\/v2\/posts"}],"about":[{"href":"https:\/\/rna.ao\/rna.ao\/wp-json\/wp\/v2\/types\/post"}],"author":[{"embeddable":true,"href":"https:\/\/rna.ao\/rna.ao\/wp-json\/wp\/v2\/users\/8"}],"replies":[{"embeddable":true,"href":"https:\/\/rna.ao\/rna.ao\/wp-json\/wp\/v2\/comments?post=11461"}],"version-history":[{"count":2,"href":"https:\/\/rna.ao\/rna.ao\/wp-json\/wp\/v2\/posts\/11461\/revisions"}],"predecessor-version":[{"id":11467,"href":"https:\/\/rna.ao\/rna.ao\/wp-json\/wp\/v2\/posts\/11461\/revisions\/11467"}],"wp:featuredmedia":[{"embeddable":true,"href":"https:\/\/rna.ao\/rna.ao\/wp-json\/wp\/v2\/media\/6983"}],"wp:attachment":[{"href":"https:\/\/rna.ao\/rna.ao\/wp-json\/wp\/v2\/media?parent=11461"}],"wp:term":[{"taxonomy":"category","embeddable":true,"href":"https:\/\/rna.ao\/rna.ao\/wp-json\/wp\/v2\/categories?post=11461"},{"taxonomy":"post_tag","embeddable":true,"href":"https:\/\/rna.ao\/rna.ao\/wp-json\/wp\/v2\/tags?post=11461"}],"curies":[{"name":"wp","href":"https:\/\/api.w.org\/{rel}","templated":true}]}}