{"id":112907,"date":"2023-08-16T06:57:55","date_gmt":"2023-08-16T05:57:55","guid":{"rendered":"https:\/\/rna.ao\/rna.ao\/?p=112907"},"modified":"2023-08-16T06:57:55","modified_gmt":"2023-08-16T05:57:55","slug":"cidadela-desportiva-pavilhao-anexo-no1-acolhe-nacional-de-ginastica","status":"publish","type":"post","link":"https:\/\/rna.ao\/rna.ao\/2023\/08\/16\/cidadela-desportiva-pavilhao-anexo-no1-acolhe-nacional-de-ginastica\/","title":{"rendered":"Cidadela Desportiva: Pavilh\u00e3o anexo n\u00ba1 acolhe nacional de gin\u00e1stica"},"content":{"rendered":"<p><img loading=\"lazy\" class=\"size-full wp-image-112913 alignleft\" src=\"https:\/\/rna.ao\/rna.ao\/wp-content\/uploads\/2023\/08\/Ginastica-Ritmica.jpg\" alt=\"\" width=\"405\" height=\"249\" \/>O Pavilh\u00e3o anexo n\u00famero 1 da Cidadela Desportiva acolhe hoje, 16 de Agosto, o Campeonato Nacional de Gin\u00e1stica Aer\u00f3bica, Trampolim e R\u00edtmica em juvenil, j\u00fanior e s\u00e9nior.<\/p>\n<p>Nganza Campos, Secret\u00e1ria-Geral da Federa\u00e7\u00e3o de Gin\u00e1stica, assegura que a componente organizativa est\u00e1 bem encaminhada. Clique no \u00e1udio e ou\u00e7a:<\/p>\n\t<div class=\"qtmplayer-playlist-large\">\n\t\t<ul class=\"qtmplayer-playlist\">\n\t\t\t\n\t\t\t\t\t<li class=\"qtmplayer-trackitem\">\n\t\t<img src=\"https:\/\/rna.ao\/rna.ao\/wp-content\/uploads\/2023\/08\/Ginastica-Ritmica-100x100.jpg\" alt=\"cover\">\t\t<span \t\t\tdata-qtmplayer-cover=\"https:\/\/rna.ao\/rna.ao\/wp-content\/uploads\/2023\/08\/Ginastica-Ritmica.jpg\"\n\t\t\t\t\t\tdata-qtmplayer-file=\"https:\/\/rna.ao\/rna.ao\/wp-content\/uploads\/2023\/08\/NGANZA-CAMPOS.mp3\"\n\t\t\t\t\t\tdata-qtmplayer-title=\"Cidadela Desportiva: Pavilh\u00e3o anexo n\u00ba1 acolhe nacional de gin\u00e1stica\"\n\t\t\t\t\t\tdata-qtmplayer-artist=\"RNA\"\n\t\t\t\t\t\tdata-qtmplayer-link=\"https:\/\/rna.ao\/rna.ao\/2023\/08\/16\/cidadela-desportiva-pavilhao-anexo-no1-acolhe-nacional-de-ginastica\/\"\n\t\t\t\t\t\tdata-qtmplayer-icon=\"file_download\"\n\t\t\t\t\t\tdata-qtmplayer-type=\"track\"\n\t\t\t class=\"qtmplayer-play qtmplayer-link-sec qtmplayer-play-btn\"><i class='material-icons'>play_arrow<\/i><\/span>\n\t\t<p>\n\t\t\t<span class=\"qtmplayer-tit\">Cidadela Desportiva: Pavilh\u00e3o anexo n\u00ba1 acolhe nacional de gin\u00e1stica<\/span>\n\t\t\t<span class=\"qtmplayer-art\">RNA<\/span>\n\t\t<\/p>\n\t<\/li>\n\t\t<\/ul>\n\t<\/div>\t\t\t\n\t\n<p>Fonte: R\u00e1dio 5\/RNA<\/p>\n","protected":false},"excerpt":{"rendered":"<p>O Pavilh\u00e3o anexo n\u00famero 1 da Cidadela Desportiva acolhe hoje, 16 de Agosto, o Campeonato Nacional de Gin\u00e1stica Aer\u00f3bica, Trampolim e R\u00edtmica em juvenil, j\u00fanior e s\u00e9nior. Nganza Campos, Secret\u00e1ria-Geral da Federa\u00e7\u00e3o de Gin\u00e1stica, assegura que a componente organizativa est\u00e1 bem encaminhada. Clique no \u00e1udio e ou\u00e7a: Fonte: R\u00e1dio 5\/RNA<\/p>\n","protected":false},"author":8,"featured_media":112913,"comment_status":"closed","ping_status":"closed","sticky":false,"template":"","format":"standard","meta":[],"categories":[145,125,164],"tags":[],"_links":{"self":[{"href":"https:\/\/rna.ao\/rna.ao\/wp-json\/wp\/v2\/posts\/112907"}],"collection":[{"href":"https:\/\/rna.ao\/rna.ao\/wp-json\/wp\/v2\/posts"}],"about":[{"href":"https:\/\/rna.ao\/rna.ao\/wp-json\/wp\/v2\/types\/post"}],"author":[{"embeddable":true,"href":"https:\/\/rna.ao\/rna.ao\/wp-json\/wp\/v2\/users\/8"}],"replies":[{"embeddable":true,"href":"https:\/\/rna.ao\/rna.ao\/wp-json\/wp\/v2\/comments?post=112907"}],"version-history":[{"count":1,"href":"https:\/\/rna.ao\/rna.ao\/wp-json\/wp\/v2\/posts\/112907\/revisions"}],"predecessor-version":[{"id":112914,"href":"https:\/\/rna.ao\/rna.ao\/wp-json\/wp\/v2\/posts\/112907\/revisions\/112914"}],"wp:featuredmedia":[{"embeddable":true,"href":"https:\/\/rna.ao\/rna.ao\/wp-json\/wp\/v2\/media\/112913"}],"wp:attachment":[{"href":"https:\/\/rna.ao\/rna.ao\/wp-json\/wp\/v2\/media?parent=112907"}],"wp:term":[{"taxonomy":"category","embeddable":true,"href":"https:\/\/rna.ao\/rna.ao\/wp-json\/wp\/v2\/categories?post=112907"},{"taxonomy":"post_tag","embeddable":true,"href":"https:\/\/rna.ao\/rna.ao\/wp-json\/wp\/v2\/tags?post=112907"}],"curies":[{"name":"wp","href":"https:\/\/api.w.org\/{rel}","templated":true}]}}