{"id":112905,"date":"2023-08-16T06:58:05","date_gmt":"2023-08-16T05:58:05","guid":{"rendered":"https:\/\/rna.ao\/rna.ao\/?p=112905"},"modified":"2023-08-16T08:53:13","modified_gmt":"2023-08-16T07:53:13","slug":"secretaria-de-estado-para-os-desportos-recebe-demarte-pena","status":"publish","type":"post","link":"https:\/\/rna.ao\/rna.ao\/2023\/08\/16\/secretaria-de-estado-para-os-desportos-recebe-demarte-pena\/","title":{"rendered":"Secret\u00e1ria de Estado para os Desportos recebe Demarte Pena"},"content":{"rendered":"<p><img loading=\"lazy\" class=\" wp-image-112910 aligncenter\" src=\"https:\/\/rna.ao\/rna.ao\/wp-content\/uploads\/2023\/08\/Demarte-Pena.jpg\" alt=\"\" width=\"771\" height=\"698\" \/>A Secret\u00e1ria de Estado para os Desportos, Teresa Ulundo, recebe hoje, 16 de Agosto, \u00e0s 14 horas, na sala de reuni\u00e3o do Minist\u00e9rio da Juventude e Desportos, o lutador angolano Demarte Pena, que na chegada \u00e0 Luanda falou da sua agenda na capital do pa\u00eds. Clique no \u00e1udio e ou\u00e7a:<\/p>\n\t<div class=\"qtmplayer-playlist-large\">\n\t\t<ul class=\"qtmplayer-playlist\">\n\t\t\t\n\t\t\t\t\t<li class=\"qtmplayer-trackitem\">\n\t\t<img src=\"https:\/\/rna.ao\/rna.ao\/wp-content\/uploads\/2023\/08\/Demarte-Pena-1-100x100.jpg\" alt=\"cover\">\t\t<span \t\t\tdata-qtmplayer-cover=\"https:\/\/rna.ao\/rna.ao\/wp-content\/uploads\/2023\/08\/Demarte-Pena-1.jpg\"\n\t\t\t\t\t\tdata-qtmplayer-file=\"https:\/\/rna.ao\/rna.ao\/wp-content\/uploads\/2023\/08\/20H30-4-0-DEMARTE-PENA-15-08-23.mp3\"\n\t\t\t\t\t\tdata-qtmplayer-title=\"Secret\u00e1ria de Estado para os Desportos recebe Demarte Pena\"\n\t\t\t\t\t\tdata-qtmplayer-artist=\"RNA\"\n\t\t\t\t\t\tdata-qtmplayer-link=\"https:\/\/rna.ao\/rna.ao\/2023\/08\/16\/secretaria-de-estado-para-os-desportos-recebe-demarte-pena\/\"\n\t\t\t\t\t\tdata-qtmplayer-icon=\"file_download\"\n\t\t\t\t\t\tdata-qtmplayer-type=\"track\"\n\t\t\t class=\"qtmplayer-play qtmplayer-link-sec qtmplayer-play-btn\"><i class='material-icons'>play_arrow<\/i><\/span>\n\t\t<p>\n\t\t\t<span class=\"qtmplayer-tit\">Secret\u00e1ria de Estado para os Desportos recebe Demarte Pena<\/span>\n\t\t\t<span class=\"qtmplayer-art\">RNA<\/span>\n\t\t<\/p>\n\t<\/li>\n\t\t<\/ul>\n\t<\/div>\t\t\t\n\t\n<p>Fonte: R\u00e1dio 5\/RNA<\/p>\n","protected":false},"excerpt":{"rendered":"<p>A Secret\u00e1ria de Estado para os Desportos, Teresa Ulundo, recebe hoje, 16 de Agosto, \u00e0s 14 horas, na sala de reuni\u00e3o do Minist\u00e9rio da Juventude e Desportos, o lutador angolano Demarte Pena, que na chegada \u00e0 Luanda falou da sua agenda na capital do pa\u00eds. Clique no \u00e1udio e ou\u00e7a: ...<\/p>\n","protected":false},"author":8,"featured_media":112911,"comment_status":"closed","ping_status":"closed","sticky":false,"template":"","format":"standard","meta":[],"categories":[145,125,164],"tags":[],"_links":{"self":[{"href":"https:\/\/rna.ao\/rna.ao\/wp-json\/wp\/v2\/posts\/112905"}],"collection":[{"href":"https:\/\/rna.ao\/rna.ao\/wp-json\/wp\/v2\/posts"}],"about":[{"href":"https:\/\/rna.ao\/rna.ao\/wp-json\/wp\/v2\/types\/post"}],"author":[{"embeddable":true,"href":"https:\/\/rna.ao\/rna.ao\/wp-json\/wp\/v2\/users\/8"}],"replies":[{"embeddable":true,"href":"https:\/\/rna.ao\/rna.ao\/wp-json\/wp\/v2\/comments?post=112905"}],"version-history":[{"count":2,"href":"https:\/\/rna.ao\/rna.ao\/wp-json\/wp\/v2\/posts\/112905\/revisions"}],"predecessor-version":[{"id":112956,"href":"https:\/\/rna.ao\/rna.ao\/wp-json\/wp\/v2\/posts\/112905\/revisions\/112956"}],"wp:featuredmedia":[{"embeddable":true,"href":"https:\/\/rna.ao\/rna.ao\/wp-json\/wp\/v2\/media\/112911"}],"wp:attachment":[{"href":"https:\/\/rna.ao\/rna.ao\/wp-json\/wp\/v2\/media?parent=112905"}],"wp:term":[{"taxonomy":"category","embeddable":true,"href":"https:\/\/rna.ao\/rna.ao\/wp-json\/wp\/v2\/categories?post=112905"},{"taxonomy":"post_tag","embeddable":true,"href":"https:\/\/rna.ao\/rna.ao\/wp-json\/wp\/v2\/tags?post=112905"}],"curies":[{"name":"wp","href":"https:\/\/api.w.org\/{rel}","templated":true}]}}