{"id":112890,"date":"2023-08-15T13:45:51","date_gmt":"2023-08-15T12:45:51","guid":{"rendered":"https:\/\/rna.ao\/rna.ao\/?p=112890"},"modified":"2023-08-15T13:45:51","modified_gmt":"2023-08-15T12:45:51","slug":"cruz-vermelha-vai-apoiar-familias-afectadas-pela-seca-no-namibe","status":"publish","type":"post","link":"https:\/\/rna.ao\/rna.ao\/2023\/08\/15\/cruz-vermelha-vai-apoiar-familias-afectadas-pela-seca-no-namibe\/","title":{"rendered":"Cruz Vermelha vai apoiar fam\u00edlias afectadas pela seca no Namibe"},"content":{"rendered":"<p><img loading=\"lazy\" class=\" wp-image-57135 aligncenter\" src=\"https:\/\/rna.ao\/rna.ao\/wp-content\/uploads\/2022\/03\/seca-no-cunene_182490_20190716112740-770x435.jpg\" alt=\"\" width=\"825\" height=\"466\" srcset=\"https:\/\/rna.ao\/rna.ao\/wp-content\/uploads\/2022\/03\/seca-no-cunene_182490_20190716112740-770x435.jpg 770w, https:\/\/rna.ao\/rna.ao\/wp-content\/uploads\/2022\/03\/seca-no-cunene_182490_20190716112740-768x433.jpg 768w, https:\/\/rna.ao\/rna.ao\/wp-content\/uploads\/2022\/03\/seca-no-cunene_182490_20190716112740.jpg 900w\" sizes=\"(max-width: 825px) 100vw, 825px\" \/><\/p>\n<p>A Cruz Vermelha de Angola assegurou que vai apoiar o governo no combate \u00e0 seca na regi\u00e3o sul do pa\u00eds. A institui\u00e7\u00e3o filantr\u00f3pica vai disponibilizar quinhentos mil d\u00f3lares para apoiar mais de mil fam\u00edlias afectadas pelo fen\u00f3meno no Camucuio e no Virei, na prov\u00edncia do Namibe.<\/p>\n<p>Ou\u00e7a o \u00e1udio abaixo e acompanhe a reportagem do jornalista C\u00e9sar Jos\u00e9:<\/p>\n\t<div class=\"qtmplayer-playlist-large\">\n\t\t<ul class=\"qtmplayer-playlist\">\n\t\t\t\n\t\t\t\t\t<li class=\"qtmplayer-trackitem\">\n\t\t<img src=\"https:\/\/rna.ao\/rna.ao\/wp-content\/uploads\/2022\/03\/seca-no-cunene_182490_20190716112740-100x100.jpg\" alt=\"cover\">\t\t<span \t\t\tdata-qtmplayer-cover=\"https:\/\/rna.ao\/rna.ao\/wp-content\/uploads\/2022\/03\/seca-no-cunene_182490_20190716112740-370x370.jpg\"\n\t\t\t\t\t\tdata-qtmplayer-file=\"https:\/\/rna.ao\/rna.ao\/wp-content\/uploads\/2023\/08\/NAMIBE-SECA-13-HRS.mp3\"\n\t\t\t\t\t\tdata-qtmplayer-title=\"Cruz Vermelha vai apoiar fam\u00edlias afectadas pela seca no Namibe\"\n\t\t\t\t\t\tdata-qtmplayer-artist=\"RNA\"\n\t\t\t\t\t\tdata-qtmplayer-link=\"https:\/\/rna.ao\/rna.ao\/2023\/08\/15\/cruz-vermelha-vai-apoiar-familias-afectadas-pela-seca-no-namibe\/\"\n\t\t\t\t\t\tdata-qtmplayer-icon=\"file_download\"\n\t\t\t\t\t\tdata-qtmplayer-type=\"track\"\n\t\t\t class=\"qtmplayer-play qtmplayer-link-sec qtmplayer-play-btn\"><i class='material-icons'>play_arrow<\/i><\/span>\n\t\t<p>\n\t\t\t<span class=\"qtmplayer-tit\">Cruz Vermelha vai apoiar fam\u00edlias afectadas pela seca no Namibe<\/span>\n\t\t\t<span class=\"qtmplayer-art\">RNA<\/span>\n\t\t<\/p>\n\t<\/li>\n\t\t<\/ul>\n\t<\/div>\t\t\t\n\t\n","protected":false},"excerpt":{"rendered":"<p>A Cruz Vermelha de Angola assegurou que vai apoiar o governo no combate \u00e0 seca na regi\u00e3o sul do pa\u00eds. A institui\u00e7\u00e3o filantr\u00f3pica vai disponibilizar quinhentos mil d\u00f3lares para apoiar mais de mil fam\u00edlias afectadas pelo fen\u00f3meno no Camucuio e no Virei, na prov\u00edncia do Namibe. Ou\u00e7a o \u00e1udio abaixo ...<\/p>\n","protected":false},"author":8,"featured_media":57135,"comment_status":"closed","ping_status":"closed","sticky":false,"template":"","format":"standard","meta":[],"categories":[142,121,164,163],"tags":[],"_links":{"self":[{"href":"https:\/\/rna.ao\/rna.ao\/wp-json\/wp\/v2\/posts\/112890"}],"collection":[{"href":"https:\/\/rna.ao\/rna.ao\/wp-json\/wp\/v2\/posts"}],"about":[{"href":"https:\/\/rna.ao\/rna.ao\/wp-json\/wp\/v2\/types\/post"}],"author":[{"embeddable":true,"href":"https:\/\/rna.ao\/rna.ao\/wp-json\/wp\/v2\/users\/8"}],"replies":[{"embeddable":true,"href":"https:\/\/rna.ao\/rna.ao\/wp-json\/wp\/v2\/comments?post=112890"}],"version-history":[{"count":1,"href":"https:\/\/rna.ao\/rna.ao\/wp-json\/wp\/v2\/posts\/112890\/revisions"}],"predecessor-version":[{"id":112892,"href":"https:\/\/rna.ao\/rna.ao\/wp-json\/wp\/v2\/posts\/112890\/revisions\/112892"}],"wp:featuredmedia":[{"embeddable":true,"href":"https:\/\/rna.ao\/rna.ao\/wp-json\/wp\/v2\/media\/57135"}],"wp:attachment":[{"href":"https:\/\/rna.ao\/rna.ao\/wp-json\/wp\/v2\/media?parent=112890"}],"wp:term":[{"taxonomy":"category","embeddable":true,"href":"https:\/\/rna.ao\/rna.ao\/wp-json\/wp\/v2\/categories?post=112890"},{"taxonomy":"post_tag","embeddable":true,"href":"https:\/\/rna.ao\/rna.ao\/wp-json\/wp\/v2\/tags?post=112890"}],"curies":[{"name":"wp","href":"https:\/\/api.w.org\/{rel}","templated":true}]}}