{"id":112887,"date":"2023-08-15T13:27:10","date_gmt":"2023-08-15T12:27:10","guid":{"rendered":"https:\/\/rna.ao\/rna.ao\/?p=112887"},"modified":"2023-08-15T13:27:10","modified_gmt":"2023-08-15T12:27:10","slug":"cresce-o-numero-de-criancas-com-sarampo-no-moxico","status":"publish","type":"post","link":"https:\/\/rna.ao\/rna.ao\/2023\/08\/15\/cresce-o-numero-de-criancas-com-sarampo-no-moxico\/","title":{"rendered":"Cresce o n\u00famero de crian\u00e7as com sarampo no Moxico"},"content":{"rendered":"<p>&nbsp;<\/p>\n<p><img loading=\"lazy\" class=\" wp-image-48861 aligncenter\" src=\"https:\/\/rna.ao\/rna.ao\/wp-content\/uploads\/2022\/01\/Doentes-de-malaria-no-hospital.jpg\" alt=\"\" width=\"824\" height=\"464\" \/><\/p>\n<p>O Hospital Geral do Luena regista diariamente o diagn\u00f3stico de dez a vinte casos de sarampo. Nesta altura est\u00e3o internadas sessenta crian\u00e7as menores de cinco anos de idade. As autoridades sanit\u00e1rias locais responsabilizam os pais por n\u00e3o levarem aos filhos \u00e0s vacinas.<\/p>\n<p>Clique no \u00e1udio abaixo e saiba mais detalhes com o jornalista Il\u00eddio S\u00e9rgio:<\/p>\n\t<div class=\"qtmplayer-playlist-large\">\n\t\t<ul class=\"qtmplayer-playlist\">\n\t\t\t\n\t\t\t\t\t<li class=\"qtmplayer-trackitem\">\n\t\t<img src=\"https:\/\/rna.ao\/rna.ao\/wp-content\/uploads\/2022\/01\/Doentes-de-malaria-no-hospital-1-100x100.jpg\" alt=\"cover\">\t\t<span \t\t\tdata-qtmplayer-cover=\"https:\/\/rna.ao\/rna.ao\/wp-content\/uploads\/2022\/01\/Doentes-de-malaria-no-hospital-1.jpg\"\n\t\t\t\t\t\tdata-qtmplayer-file=\"https:\/\/rna.ao\/rna.ao\/wp-content\/uploads\/2023\/08\/MOXICO-SARAMPO-13-HRS.mp3\"\n\t\t\t\t\t\tdata-qtmplayer-title=\"Cresce o n\u00famero de crian\u00e7as com sarampo no Moxico\"\n\t\t\t\t\t\tdata-qtmplayer-artist=\"RNA\"\n\t\t\t\t\t\tdata-qtmplayer-link=\"https:\/\/rna.ao\/rna.ao\/2023\/08\/15\/cresce-o-numero-de-criancas-com-sarampo-no-moxico\/\"\n\t\t\t\t\t\tdata-qtmplayer-icon=\"file_download\"\n\t\t\t\t\t\tdata-qtmplayer-type=\"track\"\n\t\t\t class=\"qtmplayer-play qtmplayer-link-sec qtmplayer-play-btn\"><i class='material-icons'>play_arrow<\/i><\/span>\n\t\t<p>\n\t\t\t<span class=\"qtmplayer-tit\">Cresce o n\u00famero de crian\u00e7as com sarampo no Moxico<\/span>\n\t\t\t<span class=\"qtmplayer-art\">RNA<\/span>\n\t\t<\/p>\n\t<\/li>\n\t\t<\/ul>\n\t<\/div>\t\t\t\n\t\n","protected":false},"excerpt":{"rendered":"<p>&nbsp; O Hospital Geral do Luena regista diariamente o diagn\u00f3stico de dez a vinte casos de sarampo. Nesta altura est\u00e3o internadas sessenta crian\u00e7as menores de cinco anos de idade. As autoridades sanit\u00e1rias locais responsabilizam os pais por n\u00e3o levarem aos filhos \u00e0s vacinas. Clique no \u00e1udio abaixo e saiba mais ...<\/p>\n","protected":false},"author":8,"featured_media":48862,"comment_status":"closed","ping_status":"closed","sticky":false,"template":"","format":"standard","meta":[],"categories":[142,121,164,163],"tags":[],"_links":{"self":[{"href":"https:\/\/rna.ao\/rna.ao\/wp-json\/wp\/v2\/posts\/112887"}],"collection":[{"href":"https:\/\/rna.ao\/rna.ao\/wp-json\/wp\/v2\/posts"}],"about":[{"href":"https:\/\/rna.ao\/rna.ao\/wp-json\/wp\/v2\/types\/post"}],"author":[{"embeddable":true,"href":"https:\/\/rna.ao\/rna.ao\/wp-json\/wp\/v2\/users\/8"}],"replies":[{"embeddable":true,"href":"https:\/\/rna.ao\/rna.ao\/wp-json\/wp\/v2\/comments?post=112887"}],"version-history":[{"count":1,"href":"https:\/\/rna.ao\/rna.ao\/wp-json\/wp\/v2\/posts\/112887\/revisions"}],"predecessor-version":[{"id":112889,"href":"https:\/\/rna.ao\/rna.ao\/wp-json\/wp\/v2\/posts\/112887\/revisions\/112889"}],"wp:featuredmedia":[{"embeddable":true,"href":"https:\/\/rna.ao\/rna.ao\/wp-json\/wp\/v2\/media\/48862"}],"wp:attachment":[{"href":"https:\/\/rna.ao\/rna.ao\/wp-json\/wp\/v2\/media?parent=112887"}],"wp:term":[{"taxonomy":"category","embeddable":true,"href":"https:\/\/rna.ao\/rna.ao\/wp-json\/wp\/v2\/categories?post=112887"},{"taxonomy":"post_tag","embeddable":true,"href":"https:\/\/rna.ao\/rna.ao\/wp-json\/wp\/v2\/tags?post=112887"}],"curies":[{"name":"wp","href":"https:\/\/api.w.org\/{rel}","templated":true}]}}