{"id":112856,"date":"2023-08-15T10:21:23","date_gmt":"2023-08-15T09:21:23","guid":{"rendered":"https:\/\/rna.ao\/rna.ao\/?p=112856"},"modified":"2023-08-15T10:21:23","modified_gmt":"2023-08-15T09:21:23","slug":"activos-do-ex-chefe-do-banco-libano-congelado-pelo-actual-governador","status":"publish","type":"post","link":"https:\/\/rna.ao\/rna.ao\/2023\/08\/15\/activos-do-ex-chefe-do-banco-libano-congelado-pelo-actual-governador\/","title":{"rendered":"Activos do ex-chefe do banco L\u00edbano congelado pelo actual Governador"},"content":{"rendered":"<p><img loading=\"lazy\" class=\"wp-image-112858 alignleft\" src=\"https:\/\/rna.ao\/rna.ao\/wp-content\/uploads\/2023\/08\/Had_to_take_this_one..jpg\" alt=\"\" width=\"302\" height=\"202\" \/>O governador interino do banco Central do L\u00edbano congelou hoje, 15 de Agosto, as contas do anterior respons\u00e1vel da institui\u00e7\u00e3o e dos seus familiares e colaboradores, dias depois de os Estados Unidos, Reino Unido e Canad\u00e1 terem imposto san\u00e7\u00f5es contra estes.<\/p>\n<p><span class=\"news_capital_letter\">A<\/span>decis\u00e3o de Wassim Mansouri foi divulgada ap\u00f3s uma reuni\u00e3o da Comiss\u00e3o Especial de Investiga\u00e7\u00e3o do banco central, encarregada de combater a lavagem de dinheiro e o financiamento do terrorismo. Al\u00e9m do ex-governador Riad Salameh, a medida tamb\u00e9m afeta o seu filho Nady, o irm\u00e3o Raja, uma colaboradora pr\u00f3xima Marianne Hoayek e a ex-companheira Anna Kosakova, noticiou a ag\u00eancia Associated Press (AP).<\/p>\n<p>Mansouri determinou que todas as contas em bancos e institui\u00e7\u00f5es financeiras libanesas destas cinco pessoas fossem congeladas.<\/p>\n<p>Tamb\u00e9m levanta os requisitos de sigilo banc\u00e1rio dos indiv\u00edduos, a pedido das autoridades judiciais.\u00a0Salameh, de 73 anos, terminou o seu mandato de 30 anos em 31 de julho, &#8216;manchado&#8217; por uma investiga\u00e7\u00e3o e acusa\u00e7\u00f5es de ser culpado pela crise econ\u00f3mica hist\u00f3rica do seu pa\u00eds. Fran\u00e7a, Alemanha e Luxemburgo est\u00e3o a investigar Salameh e os colaboradores pr\u00f3ximos por alegados crimes financeiros, incluindo enriquecimento il\u00edcito e lavagem de 330 milh\u00f5es de d\u00f3lares. Paris e Berlim emitiram avisos da Interpol sobre Salameh em maio, embora o L\u00edbano n\u00e3o entregue os seus cidad\u00e3os a pa\u00edses estrangeiros.<\/p>\n<p>O Departamento do Tesouro norte-americano revelou, na semana passada, que os EUA coordenaram as san\u00e7\u00f5es com o Reino Unido e o Canad\u00e1 e que os ativos associados a Salameh seriam congelados.<\/p>\n<p>O ex-governador negou repetidamente as acusa\u00e7\u00f5es de corrup\u00e7\u00e3o, peculato e enriquecimento il\u00edcito, insistindo que a sua riqueza prov\u00e9m de propriedades herdadas, investimentos e o seu anterior emprego como banqueiro de investimentos na Merrill Lynch.<\/p>\n<p>Salameh tamb\u00e9m est\u00e1 a ser investigado no L\u00edbano, tendo a justi\u00e7a arrestado os seus passaportes e imposto uma proibi\u00e7\u00e3o de viagem logo ap\u00f3s receber as notifica\u00e7\u00f5es da Interpol.\u00a0Governador do Banco Central de 1993 at\u00e9 ao final do m\u00eas passado, Salameh foi o arquiteto de uma pol\u00edtica financeira que permitiu ao L\u00edbano recuperar ap\u00f3s 15 anos de guerra (1975-1990). Mas com o pa\u00eds mergulhado numa grave crise econ\u00f3mica desde o fim de 2019, muitos consideram-no respons\u00e1vel, juntamente com os dirigentes pol\u00edticos aos quais est\u00e1 estreitamente ligado, pela ru\u00edna do L\u00edbano, que dizimou o valor da libra libanesa em cerca de 90% em rela\u00e7\u00e3o ao d\u00f3lar americano e provocou uma infla\u00e7\u00e3o de tr\u00eas d\u00edgitos.<\/p>\n","protected":false},"excerpt":{"rendered":"<p>O governador interino do banco Central do L\u00edbano congelou hoje, 15 de Agosto, as contas do anterior respons\u00e1vel da institui\u00e7\u00e3o e dos seus familiares e colaboradores, dias depois de os Estados Unidos, Reino Unido e Canad\u00e1 terem imposto san\u00e7\u00f5es contra estes. Adecis\u00e3o de Wassim Mansouri foi divulgada ap\u00f3s uma reuni\u00e3o ...<\/p>\n","protected":false},"author":8,"featured_media":112858,"comment_status":"closed","ping_status":"closed","sticky":false,"template":"","format":"standard","meta":[],"categories":[143,137],"tags":[],"_links":{"self":[{"href":"https:\/\/rna.ao\/rna.ao\/wp-json\/wp\/v2\/posts\/112856"}],"collection":[{"href":"https:\/\/rna.ao\/rna.ao\/wp-json\/wp\/v2\/posts"}],"about":[{"href":"https:\/\/rna.ao\/rna.ao\/wp-json\/wp\/v2\/types\/post"}],"author":[{"embeddable":true,"href":"https:\/\/rna.ao\/rna.ao\/wp-json\/wp\/v2\/users\/8"}],"replies":[{"embeddable":true,"href":"https:\/\/rna.ao\/rna.ao\/wp-json\/wp\/v2\/comments?post=112856"}],"version-history":[{"count":1,"href":"https:\/\/rna.ao\/rna.ao\/wp-json\/wp\/v2\/posts\/112856\/revisions"}],"predecessor-version":[{"id":112859,"href":"https:\/\/rna.ao\/rna.ao\/wp-json\/wp\/v2\/posts\/112856\/revisions\/112859"}],"wp:featuredmedia":[{"embeddable":true,"href":"https:\/\/rna.ao\/rna.ao\/wp-json\/wp\/v2\/media\/112858"}],"wp:attachment":[{"href":"https:\/\/rna.ao\/rna.ao\/wp-json\/wp\/v2\/media?parent=112856"}],"wp:term":[{"taxonomy":"category","embeddable":true,"href":"https:\/\/rna.ao\/rna.ao\/wp-json\/wp\/v2\/categories?post=112856"},{"taxonomy":"post_tag","embeddable":true,"href":"https:\/\/rna.ao\/rna.ao\/wp-json\/wp\/v2\/tags?post=112856"}],"curies":[{"name":"wp","href":"https:\/\/api.w.org\/{rel}","templated":true}]}}