{"id":112852,"date":"2023-08-15T10:11:05","date_gmt":"2023-08-15T09:11:05","guid":{"rendered":"https:\/\/rna.ao\/rna.ao\/?p=112852"},"modified":"2023-08-15T10:11:05","modified_gmt":"2023-08-15T09:11:05","slug":"onu-reune-de-emergencia-sobre-crise-humanitaria-em-nagorno-karabakh","status":"publish","type":"post","link":"https:\/\/rna.ao\/rna.ao\/2023\/08\/15\/onu-reune-de-emergencia-sobre-crise-humanitaria-em-nagorno-karabakh\/","title":{"rendered":"ONU re\u00fane de emerg\u00eancia sobre crise humanit\u00e1ria em Nagorno-Karabakh"},"content":{"rendered":"<p><img loading=\"lazy\" class=\"wp-image-112854 alignleft\" src=\"https:\/\/rna.ao\/rna.ao\/wp-content\/uploads\/2023\/08\/34420157-770x433.jpg\" alt=\"\" width=\"391\" height=\"220\" srcset=\"https:\/\/rna.ao\/rna.ao\/wp-content\/uploads\/2023\/08\/34420157-770x433.jpg 770w, https:\/\/rna.ao\/rna.ao\/wp-content\/uploads\/2023\/08\/34420157-1170x658.jpg 1170w, https:\/\/rna.ao\/rna.ao\/wp-content\/uploads\/2023\/08\/34420157-768x432.jpg 768w, https:\/\/rna.ao\/rna.ao\/wp-content\/uploads\/2023\/08\/34420157-1536x864.jpg 1536w, https:\/\/rna.ao\/rna.ao\/wp-content\/uploads\/2023\/08\/34420157.jpg 1920w\" sizes=\"(max-width: 391px) 100vw, 391px\" \/>O Conselho de Seguran\u00e7a da ONU agendou para quarta-feira, 16 de Agosto, uma reuni\u00e3o de emerg\u00eancia, a pedido da Arm\u00e9nia, sobre a &#8220;crise e deteriora\u00e7\u00e3o da situa\u00e7\u00e3o humanit\u00e1ria&#8221; em Nagorno-Karabakh, enclave arm\u00e9nio bloqueado pelo Azerbaij\u00e3o h\u00e1 oito meses.<\/p>\n<p>No s\u00e1bado, numa carta dirigida ao Conselho de Seguran\u00e7a, o representante permanente da Arm\u00e9nia junto das Na\u00e7\u00f5es Unidas, Mher Margaryan, tinha pedido a marca\u00e7\u00e3o da reuni\u00e3o.<\/p>\n<p>No documento, Margaryan alertava para uma &#8220;grave escassez&#8221; de alimentos, medicamentos e combust\u00edvel em Nagorno-Karabakh, regi\u00e3o com cerca de 120 mil pessoas, a maioria dos quais arm\u00e9nios.<\/p>\n<p>O corredor de Latine, a \u00fanica liga\u00e7\u00e3o terrestre entre a Arm\u00e9nia e o enclave, est\u00e1 bloqueado desde dezembro, primeiro por alegados manifestantes ambientalistas azeris e depois pelas autoridades do Azerbaij\u00e3o, que justificaram a decis\u00e3o com raz\u00f5es de seguran\u00e7a.<\/p>\n<p>O Minist\u00e9rio dos Neg\u00f3cios Estrangeiros do Azerbaij\u00e3o acusou a Arm\u00e9nia de violar a sua integridade territorial e soberania e de enviar armamento para Nagorno-Karabakh, enclave disputado h\u00e1 d\u00e9cadas entre Baku e Erevan.<\/p>\n<p>Na carta enviada ao Conselho de Seguran\u00e7a, Mher Margaryan alertou para as consequ\u00eancias dos cortes no fornecimento de eletricidade e g\u00e1s na regi\u00e3o.<\/p>\n<p>&#8220;Esta situa\u00e7\u00e3o conduziu a um aumento da mortalidade devido a um certo n\u00famero de doen\u00e7as&#8221;, nomeadamente para os habitantes que sofrem de diabetes e de doen\u00e7as cardiovasculares, referiu.<\/p>\n<p>Segundo o alto representante da Arm\u00e9nia, &#8220;a popula\u00e7\u00e3o de Nagorno-Karabakh est\u00e1 agora \u00e0 beira de uma verdadeira cat\u00e1strofe humanit\u00e1ria&#8221;.<\/p>\n<p>Margaryan acusou ainda o Azerbaij\u00e3o de &#8220;criar deliberadamente condi\u00e7\u00f5es de vida insuport\u00e1veis para a popula\u00e7\u00e3o&#8221; do enclave, o que considerou ser um &#8220;ato de atrocidade em massa&#8221; destinado a obrigar os habitantes a abandonar as casas.<\/p>\n<p>Na semana passada, um antigo procurador-geral do Tribunal Penal Internacional (TPI) disse que o Azerbaij\u00e3o est\u00e1 a preparar o genoc\u00eddio dos arm\u00e9nios em Nagorno-Karabakh e pediu que o Conselho de Seguran\u00e7a leve o assunto ao TPI.<\/p>\n","protected":false},"excerpt":{"rendered":"<p>O Conselho de Seguran\u00e7a da ONU agendou para quarta-feira, 16 de Agosto, uma reuni\u00e3o de emerg\u00eancia, a pedido da Arm\u00e9nia, sobre a &#8220;crise e deteriora\u00e7\u00e3o da situa\u00e7\u00e3o humanit\u00e1ria&#8221; em Nagorno-Karabakh, enclave arm\u00e9nio bloqueado pelo Azerbaij\u00e3o h\u00e1 oito meses. No s\u00e1bado, numa carta dirigida ao Conselho de Seguran\u00e7a, o representante permanente ...<\/p>\n","protected":false},"author":8,"featured_media":112854,"comment_status":"closed","ping_status":"closed","sticky":false,"template":"","format":"standard","meta":[],"categories":[143,137,164],"tags":[],"_links":{"self":[{"href":"https:\/\/rna.ao\/rna.ao\/wp-json\/wp\/v2\/posts\/112852"}],"collection":[{"href":"https:\/\/rna.ao\/rna.ao\/wp-json\/wp\/v2\/posts"}],"about":[{"href":"https:\/\/rna.ao\/rna.ao\/wp-json\/wp\/v2\/types\/post"}],"author":[{"embeddable":true,"href":"https:\/\/rna.ao\/rna.ao\/wp-json\/wp\/v2\/users\/8"}],"replies":[{"embeddable":true,"href":"https:\/\/rna.ao\/rna.ao\/wp-json\/wp\/v2\/comments?post=112852"}],"version-history":[{"count":1,"href":"https:\/\/rna.ao\/rna.ao\/wp-json\/wp\/v2\/posts\/112852\/revisions"}],"predecessor-version":[{"id":112855,"href":"https:\/\/rna.ao\/rna.ao\/wp-json\/wp\/v2\/posts\/112852\/revisions\/112855"}],"wp:featuredmedia":[{"embeddable":true,"href":"https:\/\/rna.ao\/rna.ao\/wp-json\/wp\/v2\/media\/112854"}],"wp:attachment":[{"href":"https:\/\/rna.ao\/rna.ao\/wp-json\/wp\/v2\/media?parent=112852"}],"wp:term":[{"taxonomy":"category","embeddable":true,"href":"https:\/\/rna.ao\/rna.ao\/wp-json\/wp\/v2\/categories?post=112852"},{"taxonomy":"post_tag","embeddable":true,"href":"https:\/\/rna.ao\/rna.ao\/wp-json\/wp\/v2\/tags?post=112852"}],"curies":[{"name":"wp","href":"https:\/\/api.w.org\/{rel}","templated":true}]}}