{"id":112842,"date":"2023-08-15T09:36:33","date_gmt":"2023-08-15T08:36:33","guid":{"rendered":"https:\/\/rna.ao\/rna.ao\/?p=112842"},"modified":"2023-08-15T09:36:33","modified_gmt":"2023-08-15T08:36:33","slug":"processo-de-desminagem-no-polo-agricola-do-ndombu-vai-permitir-alargar-novas-areas-de-cultivos","status":"publish","type":"post","link":"https:\/\/rna.ao\/rna.ao\/2023\/08\/15\/processo-de-desminagem-no-polo-agricola-do-ndombu-vai-permitir-alargar-novas-areas-de-cultivos\/","title":{"rendered":"Processo de desminagem no polo agr\u00edcola do Ndombu vai permitir alargar novas \u00e1reas de cultivos"},"content":{"rendered":"<p><img loading=\"lazy\" class=\"wp-image-112845 alignleft\" src=\"https:\/\/rna.ao\/rna.ao\/wp-content\/uploads\/2023\/08\/desminagem.jpg\" alt=\"\" width=\"334\" height=\"191\" \/>Agricultores na Prov\u00edncia do Cuando Cubango, est\u00e3o a alargar as suas \u00e1reas de cultivos com a desminagem de antigos campos. As autoridades locais, defendem mais investimentos para a conclus\u00e3o do processo na Prov\u00edncia. Clique, no \u00e1udio abaixo, e saiba mais com o jornalista Pelicano Batista:<\/p>\n\t<div class=\"qtmplayer-playlist-large\">\n\t\t<ul class=\"qtmplayer-playlist\">\n\t\t\t\n\t\t\t\t\t<li class=\"qtmplayer-trackitem\">\n\t\t<img src=\"https:\/\/rna.ao\/rna.ao\/wp-content\/uploads\/2023\/08\/desminagem-100x100.gif\" alt=\"cover\">\t\t<span \t\t\tdata-qtmplayer-cover=\"https:\/\/rna.ao\/rna.ao\/wp-content\/uploads\/2023\/08\/desminagem.gif\"\n\t\t\t\t\t\tdata-qtmplayer-file=\"https:\/\/rna.ao\/rna.ao\/wp-content\/uploads\/2023\/08\/KUANDO-KUBANGO-MINAS-07HRS.mp3\"\n\t\t\t\t\t\tdata-qtmplayer-title=\"Processo de desminagem no polo agr\u00edcola do Ndombu vai permitir alargar novas \u00e1reas de cultivos\"\n\t\t\t\t\t\tdata-qtmplayer-artist=\"RNA\"\n\t\t\t\t\t\tdata-qtmplayer-link=\"https:\/\/rna.ao\/rna.ao\/2023\/08\/15\/processo-de-desminagem-no-polo-agricola-do-ndombu-vai-permitir-alargar-novas-areas-de-cultivos\/\"\n\t\t\t\t\t\tdata-qtmplayer-icon=\"file_download\"\n\t\t\t\t\t\tdata-qtmplayer-type=\"track\"\n\t\t\t class=\"qtmplayer-play qtmplayer-link-sec qtmplayer-play-btn\"><i class='material-icons'>play_arrow<\/i><\/span>\n\t\t<p>\n\t\t\t<span class=\"qtmplayer-tit\">Processo de desminagem no polo agr\u00edcola do Ndombu vai permitir alargar novas \u00e1reas de cultivos<\/span>\n\t\t\t<span class=\"qtmplayer-art\">RNA<\/span>\n\t\t<\/p>\n\t<\/li>\n\t\t<\/ul>\n\t<\/div>\t\t\t\n\t\n","protected":false},"excerpt":{"rendered":"<p>Agricultores na Prov\u00edncia do Cuando Cubango, est\u00e3o a alargar as suas \u00e1reas de cultivos com a desminagem de antigos campos. As autoridades locais, defendem mais investimentos para a conclus\u00e3o do processo na Prov\u00edncia. Clique, no \u00e1udio abaixo, e saiba mais com o jornalista Pelicano Batista:<\/p>\n","protected":false},"author":8,"featured_media":112846,"comment_status":"closed","ping_status":"closed","sticky":false,"template":"","format":"standard","meta":[],"categories":[142,121,163],"tags":[],"_links":{"self":[{"href":"https:\/\/rna.ao\/rna.ao\/wp-json\/wp\/v2\/posts\/112842"}],"collection":[{"href":"https:\/\/rna.ao\/rna.ao\/wp-json\/wp\/v2\/posts"}],"about":[{"href":"https:\/\/rna.ao\/rna.ao\/wp-json\/wp\/v2\/types\/post"}],"author":[{"embeddable":true,"href":"https:\/\/rna.ao\/rna.ao\/wp-json\/wp\/v2\/users\/8"}],"replies":[{"embeddable":true,"href":"https:\/\/rna.ao\/rna.ao\/wp-json\/wp\/v2\/comments?post=112842"}],"version-history":[{"count":1,"href":"https:\/\/rna.ao\/rna.ao\/wp-json\/wp\/v2\/posts\/112842\/revisions"}],"predecessor-version":[{"id":112847,"href":"https:\/\/rna.ao\/rna.ao\/wp-json\/wp\/v2\/posts\/112842\/revisions\/112847"}],"wp:featuredmedia":[{"embeddable":true,"href":"https:\/\/rna.ao\/rna.ao\/wp-json\/wp\/v2\/media\/112846"}],"wp:attachment":[{"href":"https:\/\/rna.ao\/rna.ao\/wp-json\/wp\/v2\/media?parent=112842"}],"wp:term":[{"taxonomy":"category","embeddable":true,"href":"https:\/\/rna.ao\/rna.ao\/wp-json\/wp\/v2\/categories?post=112842"},{"taxonomy":"post_tag","embeddable":true,"href":"https:\/\/rna.ao\/rna.ao\/wp-json\/wp\/v2\/tags?post=112842"}],"curies":[{"name":"wp","href":"https:\/\/api.w.org\/{rel}","templated":true}]}}