{"id":112837,"date":"2023-08-15T09:24:00","date_gmt":"2023-08-15T08:24:00","guid":{"rendered":"https:\/\/rna.ao\/rna.ao\/?p=112837"},"modified":"2023-08-15T09:24:00","modified_gmt":"2023-08-15T08:24:00","slug":"cafeicultores-no-uige-podem-abandonar-o-cultivo-do-produto-por-falta-de-compradores-e-precos-baixos","status":"publish","type":"post","link":"https:\/\/rna.ao\/rna.ao\/2023\/08\/15\/cafeicultores-no-uige-podem-abandonar-o-cultivo-do-produto-por-falta-de-compradores-e-precos-baixos\/","title":{"rendered":"Cafeicultores no U\u00edge podem abandonar o cultivo do produto por falta de compradores e pre\u00e7os baixos"},"content":{"rendered":"<p><img loading=\"lazy\" class=\"wp-image-112839 alignleft\" src=\"https:\/\/rna.ao\/rna.ao\/wp-content\/uploads\/2023\/08\/cafe.jpg\" alt=\"\" width=\"327\" height=\"187\" \/>O Baixo Pre\u00e7o e a falta de compradores do caf\u00e9 na prov\u00edncia do U\u00edge, est\u00e3o a desmotivar os produtores locais sobretudo os da regi\u00e3o do Bungo. Os cafeicultores aguardam que sejam estabelecidos pre\u00e7os justos para a venda do caf\u00e9 de v\u00e1rios tipos de produzidos naquela regi\u00e3o. Clique, no \u00e1udio abaixo, e saiba mais com o jornalista Bas\u00edlio Samuel:<\/p>\n\t<div class=\"qtmplayer-playlist-large\">\n\t\t<ul class=\"qtmplayer-playlist\">\n\t\t\t\n\t\t\t\t\t<li class=\"qtmplayer-trackitem\">\n\t\t<img src=\"https:\/\/rna.ao\/rna.ao\/wp-content\/uploads\/2023\/08\/cafee-100x100.jpg\" alt=\"cover\">\t\t<span \t\t\tdata-qtmplayer-cover=\"https:\/\/rna.ao\/rna.ao\/wp-content\/uploads\/2023\/08\/cafee.jpg\"\n\t\t\t\t\t\tdata-qtmplayer-file=\"https:\/\/rna.ao\/rna.ao\/wp-content\/uploads\/2023\/08\/UIGE-CAFE-07HRS.mp3\"\n\t\t\t\t\t\tdata-qtmplayer-title=\"Cafeicultores no U\u00edge podem abandonar o cultivo do produto por falta de compradores e pre\u00e7os baixos\"\n\t\t\t\t\t\tdata-qtmplayer-artist=\"RNA\"\n\t\t\t\t\t\tdata-qtmplayer-link=\"https:\/\/rna.ao\/rna.ao\/2023\/08\/15\/cafeicultores-no-uige-podem-abandonar-o-cultivo-do-produto-por-falta-de-compradores-e-precos-baixos\/\"\n\t\t\t\t\t\tdata-qtmplayer-icon=\"file_download\"\n\t\t\t\t\t\tdata-qtmplayer-type=\"track\"\n\t\t\t class=\"qtmplayer-play qtmplayer-link-sec qtmplayer-play-btn\"><i class='material-icons'>play_arrow<\/i><\/span>\n\t\t<p>\n\t\t\t<span class=\"qtmplayer-tit\">Cafeicultores no U\u00edge podem abandonar o cultivo do produto por falta de compradores e pre\u00e7os baixos<\/span>\n\t\t\t<span class=\"qtmplayer-art\">RNA<\/span>\n\t\t<\/p>\n\t<\/li>\n\t\t<\/ul>\n\t<\/div>\t\t\t\n\t\n","protected":false},"excerpt":{"rendered":"<p>O Baixo Pre\u00e7o e a falta de compradores do caf\u00e9 na prov\u00edncia do U\u00edge, est\u00e3o a desmotivar os produtores locais sobretudo os da regi\u00e3o do Bungo. Os cafeicultores aguardam que sejam estabelecidos pre\u00e7os justos para a venda do caf\u00e9 de v\u00e1rios tipos de produzidos naquela regi\u00e3o. Clique, no \u00e1udio abaixo, ...<\/p>\n","protected":false},"author":8,"featured_media":112840,"comment_status":"closed","ping_status":"closed","sticky":false,"template":"","format":"standard","meta":[],"categories":[142,121,163],"tags":[],"_links":{"self":[{"href":"https:\/\/rna.ao\/rna.ao\/wp-json\/wp\/v2\/posts\/112837"}],"collection":[{"href":"https:\/\/rna.ao\/rna.ao\/wp-json\/wp\/v2\/posts"}],"about":[{"href":"https:\/\/rna.ao\/rna.ao\/wp-json\/wp\/v2\/types\/post"}],"author":[{"embeddable":true,"href":"https:\/\/rna.ao\/rna.ao\/wp-json\/wp\/v2\/users\/8"}],"replies":[{"embeddable":true,"href":"https:\/\/rna.ao\/rna.ao\/wp-json\/wp\/v2\/comments?post=112837"}],"version-history":[{"count":1,"href":"https:\/\/rna.ao\/rna.ao\/wp-json\/wp\/v2\/posts\/112837\/revisions"}],"predecessor-version":[{"id":112841,"href":"https:\/\/rna.ao\/rna.ao\/wp-json\/wp\/v2\/posts\/112837\/revisions\/112841"}],"wp:featuredmedia":[{"embeddable":true,"href":"https:\/\/rna.ao\/rna.ao\/wp-json\/wp\/v2\/media\/112840"}],"wp:attachment":[{"href":"https:\/\/rna.ao\/rna.ao\/wp-json\/wp\/v2\/media?parent=112837"}],"wp:term":[{"taxonomy":"category","embeddable":true,"href":"https:\/\/rna.ao\/rna.ao\/wp-json\/wp\/v2\/categories?post=112837"},{"taxonomy":"post_tag","embeddable":true,"href":"https:\/\/rna.ao\/rna.ao\/wp-json\/wp\/v2\/tags?post=112837"}],"curies":[{"name":"wp","href":"https:\/\/api.w.org\/{rel}","templated":true}]}}