{"id":112826,"date":"2023-08-15T09:09:59","date_gmt":"2023-08-15T08:09:59","guid":{"rendered":"https:\/\/rna.ao\/rna.ao\/?p=112826"},"modified":"2023-08-15T09:19:04","modified_gmt":"2023-08-15T08:19:04","slug":"conselho-de-ministros-da-sadc-lema-da-43a-cimeira-dos-chefes-de-estado-da-organizacao","status":"publish","type":"post","link":"https:\/\/rna.ao\/rna.ao\/2023\/08\/15\/conselho-de-ministros-da-sadc-lema-da-43a-cimeira-dos-chefes-de-estado-da-organizacao\/","title":{"rendered":"Conselho de Ministros da SADC aprova lema da 43\u00aa cimeira dos Chefes de Estado da organiza\u00e7\u00e3o"},"content":{"rendered":"<p><img loading=\"lazy\" class=\"wp-image-112830 alignleft\" src=\"https:\/\/rna.ao\/rna.ao\/wp-content\/uploads\/2023\/08\/Tete-Antonio-770x513.jpg\" alt=\"\" width=\"318\" height=\"212\" srcset=\"https:\/\/rna.ao\/rna.ao\/wp-content\/uploads\/2023\/08\/Tete-Antonio-770x513.jpg 770w, https:\/\/rna.ao\/rna.ao\/wp-content\/uploads\/2023\/08\/Tete-Antonio-768x512.jpg 768w, https:\/\/rna.ao\/rna.ao\/wp-content\/uploads\/2023\/08\/Tete-Antonio.jpg 900w\" sizes=\"(max-width: 318px) 100vw, 318px\" \/>O Conselho de Ministros da Comunidade de Desenvolvimento da \u00c1frica Austral &#8220;SADC&#8221;, aprovou o lema para a 43\u00aa cimeira dos Chefes de Estado da Organiza\u00e7\u00e3o, a ter lugar na Prov\u00edncia de Luanda no dia 17 de Agosto do presente ano. A informa\u00e7\u00e3o foi avan\u00e7ada pelo Presidente do Conselho de Ministros da SADC. Tete Ant\u00f3nio, sublinhou, entre os documentos aprovados relevam-se as quest\u00f5es econ\u00f3micas, de mobilidade, paz e seguran\u00e7a na regi\u00e3o. Clique, no \u00e1udio abaixo, e saiba mais com o jornalista Lopes Canhina:<\/p>\n\t<div class=\"qtmplayer-playlist-large\">\n\t\t<ul class=\"qtmplayer-playlist\">\n\t\t\t\n\t\t\t\t\t<li class=\"qtmplayer-trackitem\">\n\t\t<img src=\"https:\/\/rna.ao\/rna.ao\/wp-content\/uploads\/2023\/08\/sadc-100x100.jpg\" alt=\"cover\">\t\t<span \t\t\tdata-qtmplayer-cover=\"https:\/\/rna.ao\/rna.ao\/wp-content\/uploads\/2023\/08\/sadc-370x370.jpg\"\n\t\t\t\t\t\tdata-qtmplayer-file=\"https:\/\/rna.ao\/rna.ao\/wp-content\/uploads\/2023\/08\/LOPES-CANHINA-07-HRS.mp3\"\n\t\t\t\t\t\tdata-qtmplayer-title=\"Conselho de Ministros da SADC aprova lema da 43\u00aa cimeira dos Chefes de Estado da organiza\u00e7\u00e3o\"\n\t\t\t\t\t\tdata-qtmplayer-artist=\"RNA\"\n\t\t\t\t\t\tdata-qtmplayer-link=\"https:\/\/rna.ao\/rna.ao\/2023\/08\/15\/conselho-de-ministros-da-sadc-lema-da-43a-cimeira-dos-chefes-de-estado-da-organizacao\/\"\n\t\t\t\t\t\tdata-qtmplayer-icon=\"file_download\"\n\t\t\t\t\t\tdata-qtmplayer-type=\"track\"\n\t\t\t class=\"qtmplayer-play qtmplayer-link-sec qtmplayer-play-btn\"><i class='material-icons'>play_arrow<\/i><\/span>\n\t\t<p>\n\t\t\t<span class=\"qtmplayer-tit\">Conselho de Ministros da SADC aprova lema da 43\u00aa cimeira dos Chefes de Estado da organiza\u00e7\u00e3o<\/span>\n\t\t\t<span class=\"qtmplayer-art\">RNA<\/span>\n\t\t<\/p>\n\t<\/li>\n\t\t<\/ul>\n\t<\/div>\t\t\t\n\t\n","protected":false},"excerpt":{"rendered":"<p>O Conselho de Ministros da Comunidade de Desenvolvimento da \u00c1frica Austral &#8220;SADC&#8221;, aprovou o lema para a 43\u00aa cimeira dos Chefes de Estado da Organiza\u00e7\u00e3o, a ter lugar na Prov\u00edncia de Luanda no dia 17 de Agosto do presente ano. A informa\u00e7\u00e3o foi avan\u00e7ada pelo Presidente do Conselho de Ministros ...<\/p>\n","protected":false},"author":8,"featured_media":112829,"comment_status":"closed","ping_status":"closed","sticky":false,"template":"","format":"standard","meta":[],"categories":[142,121,164,163],"tags":[],"_links":{"self":[{"href":"https:\/\/rna.ao\/rna.ao\/wp-json\/wp\/v2\/posts\/112826"}],"collection":[{"href":"https:\/\/rna.ao\/rna.ao\/wp-json\/wp\/v2\/posts"}],"about":[{"href":"https:\/\/rna.ao\/rna.ao\/wp-json\/wp\/v2\/types\/post"}],"author":[{"embeddable":true,"href":"https:\/\/rna.ao\/rna.ao\/wp-json\/wp\/v2\/users\/8"}],"replies":[{"embeddable":true,"href":"https:\/\/rna.ao\/rna.ao\/wp-json\/wp\/v2\/comments?post=112826"}],"version-history":[{"count":2,"href":"https:\/\/rna.ao\/rna.ao\/wp-json\/wp\/v2\/posts\/112826\/revisions"}],"predecessor-version":[{"id":112836,"href":"https:\/\/rna.ao\/rna.ao\/wp-json\/wp\/v2\/posts\/112826\/revisions\/112836"}],"wp:featuredmedia":[{"embeddable":true,"href":"https:\/\/rna.ao\/rna.ao\/wp-json\/wp\/v2\/media\/112829"}],"wp:attachment":[{"href":"https:\/\/rna.ao\/rna.ao\/wp-json\/wp\/v2\/media?parent=112826"}],"wp:term":[{"taxonomy":"category","embeddable":true,"href":"https:\/\/rna.ao\/rna.ao\/wp-json\/wp\/v2\/categories?post=112826"},{"taxonomy":"post_tag","embeddable":true,"href":"https:\/\/rna.ao\/rna.ao\/wp-json\/wp\/v2\/tags?post=112826"}],"curies":[{"name":"wp","href":"https:\/\/api.w.org\/{rel}","templated":true}]}}