{"id":112817,"date":"2023-08-15T08:48:28","date_gmt":"2023-08-15T07:48:28","guid":{"rendered":"https:\/\/rna.ao\/rna.ao\/?p=112817"},"modified":"2023-08-15T08:48:28","modified_gmt":"2023-08-15T07:48:28","slug":"falta-de-dinheiro-condiciona-conclusao-das-obras-de-200-apartamentos-no-bairro-carreira-de-tiro-em-malanje","status":"publish","type":"post","link":"https:\/\/rna.ao\/rna.ao\/2023\/08\/15\/falta-de-dinheiro-condiciona-conclusao-das-obras-de-200-apartamentos-no-bairro-carreira-de-tiro-em-malanje\/","title":{"rendered":"Falta de dinheiro condiciona conclus\u00e3o das obras de 200 apartamentos no bairro Carreira de Tiro em Malanje"},"content":{"rendered":"<p><img loading=\"lazy\" class=\"wp-image-112821 alignleft\" src=\"https:\/\/rna.ao\/rna.ao\/wp-content\/uploads\/2023\/08\/centralidade.jpg\" alt=\"\" width=\"369\" height=\"211\" \/>A conclus\u00e3o das obras dos mais de duzentos apartamentos na Prov\u00edncia de Malanje, erguidos no Bairro Carreira de Tiro est\u00e1 atrasada. O empreiteiro respons\u00e1vel pela obra, justifica as raz\u00f5es para o alargamento do prazo de conclus\u00e3o que inicialmente estava prevista para Dezembro de 2023. Clique, no \u00e1udio abaixo, e saiba mais com o jornalista Dito Tavares:<\/p>\n\t<div class=\"qtmplayer-playlist-large\">\n\t\t<ul class=\"qtmplayer-playlist\">\n\t\t\t\n\t\t\t\t\t<li class=\"qtmplayer-trackitem\">\n\t\t<img src=\"https:\/\/rna.ao\/rna.ao\/wp-content\/uploads\/2023\/08\/obras_da-centralidade-100x100.jpg\" alt=\"cover\">\t\t<span \t\t\tdata-qtmplayer-cover=\"https:\/\/rna.ao\/rna.ao\/wp-content\/uploads\/2023\/08\/obras_da-centralidade.jpg\"\n\t\t\t\t\t\tdata-qtmplayer-file=\"https:\/\/rna.ao\/rna.ao\/wp-content\/uploads\/2023\/08\/MALANGE-CASAS-07-HRS.mp3\"\n\t\t\t\t\t\tdata-qtmplayer-title=\"Falta de dinheiro condiciona conclus\u00e3o das obras de 200 apartamentos no bairro Carreira de Tiro em Malanje\"\n\t\t\t\t\t\tdata-qtmplayer-artist=\"RNA\"\n\t\t\t\t\t\tdata-qtmplayer-link=\"https:\/\/rna.ao\/rna.ao\/2023\/08\/15\/falta-de-dinheiro-condiciona-conclusao-das-obras-de-200-apartamentos-no-bairro-carreira-de-tiro-em-malanje\/\"\n\t\t\t\t\t\tdata-qtmplayer-icon=\"file_download\"\n\t\t\t\t\t\tdata-qtmplayer-type=\"track\"\n\t\t\t class=\"qtmplayer-play qtmplayer-link-sec qtmplayer-play-btn\"><i class='material-icons'>play_arrow<\/i><\/span>\n\t\t<p>\n\t\t\t<span class=\"qtmplayer-tit\">Falta de dinheiro condiciona conclus\u00e3o das obras de 200 apartamentos no bairro Carreira de Tiro em Malanje<\/span>\n\t\t\t<span class=\"qtmplayer-art\">RNA<\/span>\n\t\t<\/p>\n\t<\/li>\n\t\t<\/ul>\n\t<\/div>\t\t\t\n\t\n","protected":false},"excerpt":{"rendered":"<p>A conclus\u00e3o das obras dos mais de duzentos apartamentos na Prov\u00edncia de Malanje, erguidos no Bairro Carreira de Tiro est\u00e1 atrasada. O empreiteiro respons\u00e1vel pela obra, justifica as raz\u00f5es para o alargamento do prazo de conclus\u00e3o que inicialmente estava prevista para Dezembro de 2023. Clique, no \u00e1udio abaixo, e saiba ...<\/p>\n","protected":false},"author":8,"featured_media":112820,"comment_status":"closed","ping_status":"closed","sticky":false,"template":"","format":"standard","meta":[],"categories":[142,121,164,163],"tags":[],"_links":{"self":[{"href":"https:\/\/rna.ao\/rna.ao\/wp-json\/wp\/v2\/posts\/112817"}],"collection":[{"href":"https:\/\/rna.ao\/rna.ao\/wp-json\/wp\/v2\/posts"}],"about":[{"href":"https:\/\/rna.ao\/rna.ao\/wp-json\/wp\/v2\/types\/post"}],"author":[{"embeddable":true,"href":"https:\/\/rna.ao\/rna.ao\/wp-json\/wp\/v2\/users\/8"}],"replies":[{"embeddable":true,"href":"https:\/\/rna.ao\/rna.ao\/wp-json\/wp\/v2\/comments?post=112817"}],"version-history":[{"count":1,"href":"https:\/\/rna.ao\/rna.ao\/wp-json\/wp\/v2\/posts\/112817\/revisions"}],"predecessor-version":[{"id":112822,"href":"https:\/\/rna.ao\/rna.ao\/wp-json\/wp\/v2\/posts\/112817\/revisions\/112822"}],"wp:featuredmedia":[{"embeddable":true,"href":"https:\/\/rna.ao\/rna.ao\/wp-json\/wp\/v2\/media\/112820"}],"wp:attachment":[{"href":"https:\/\/rna.ao\/rna.ao\/wp-json\/wp\/v2\/media?parent=112817"}],"wp:term":[{"taxonomy":"category","embeddable":true,"href":"https:\/\/rna.ao\/rna.ao\/wp-json\/wp\/v2\/categories?post=112817"},{"taxonomy":"post_tag","embeddable":true,"href":"https:\/\/rna.ao\/rna.ao\/wp-json\/wp\/v2\/tags?post=112817"}],"curies":[{"name":"wp","href":"https:\/\/api.w.org\/{rel}","templated":true}]}}