{"id":112809,"date":"2023-08-15T08:29:25","date_gmt":"2023-08-15T07:29:25","guid":{"rendered":"https:\/\/rna.ao\/rna.ao\/?p=112809"},"modified":"2023-08-15T08:29:25","modified_gmt":"2023-08-15T07:29:25","slug":"ano-parlamentar-da-5a-legislatura-da-assembleia-nacional-encerra-hoje","status":"publish","type":"post","link":"https:\/\/rna.ao\/rna.ao\/2023\/08\/15\/ano-parlamentar-da-5a-legislatura-da-assembleia-nacional-encerra-hoje\/","title":{"rendered":"Ano Parlamentar da 5\u00aa Legislatura da Assembleia Nacional encerra hoje"},"content":{"rendered":"<p><img loading=\"lazy\" class=\"size-full wp-image-111397 alignleft\" src=\"https:\/\/rna.ao\/rna.ao\/wp-content\/uploads\/2023\/08\/Assembleia-Nacional-1.jpg\" alt=\"\" width=\"288\" height=\"193\" \/>O ano Parlamentar da quinta Legislatura da Assembleia Nacional, encerra hoje 16 de Agosto. Os deputados dos principais partidos pol\u00edticos com assento parlamentar, destacam os n\u00edveis de debates. Clique, no \u00e1udio abaixo, e saiba mais com o jornalista Ant\u00f3nio Chocolate:<\/p>\n\t<div class=\"qtmplayer-playlist-large\">\n\t\t<ul class=\"qtmplayer-playlist\">\n\t\t\t\n\t\t\t\t\t<li class=\"qtmplayer-trackitem\">\n\t\t<img src=\"https:\/\/rna.ao\/rna.ao\/wp-content\/uploads\/2021\/06\/Parlamento-Angolano-100x100.jpg\" alt=\"cover\">\t\t<span \t\t\tdata-qtmplayer-cover=\"https:\/\/rna.ao\/rna.ao\/wp-content\/uploads\/2021\/06\/Parlamento-Angolano.jpg\"\n\t\t\t\t\t\tdata-qtmplayer-file=\"https:\/\/rna.ao\/rna.ao\/wp-content\/uploads\/2023\/08\/ANTONIO-CHOCOLATE-7-HORAS-2.mp3\"\n\t\t\t\t\t\tdata-qtmplayer-title=\"Ano Parlamentar da 5\u00aa Legislatura da Assembleia Nacional encerra hoje\"\n\t\t\t\t\t\tdata-qtmplayer-artist=\"RNA\"\n\t\t\t\t\t\tdata-qtmplayer-link=\"https:\/\/rna.ao\/rna.ao\/2023\/08\/15\/ano-parlamentar-da-5a-legislatura-da-assembleia-nacional-encerra-hoje\/\"\n\t\t\t\t\t\tdata-qtmplayer-icon=\"file_download\"\n\t\t\t\t\t\tdata-qtmplayer-type=\"track\"\n\t\t\t class=\"qtmplayer-play qtmplayer-link-sec qtmplayer-play-btn\"><i class='material-icons'>play_arrow<\/i><\/span>\n\t\t<p>\n\t\t\t<span class=\"qtmplayer-tit\">Ano Parlamentar da 5\u00aa Legislatura da Assembleia Nacional encerra hoje<\/span>\n\t\t\t<span class=\"qtmplayer-art\">RNA<\/span>\n\t\t<\/p>\n\t<\/li>\n\t\t<\/ul>\n\t<\/div>\t\t\t\n\t\n","protected":false},"excerpt":{"rendered":"<p>O ano Parlamentar da quinta Legislatura da Assembleia Nacional, encerra hoje 16 de Agosto. Os deputados dos principais partidos pol\u00edticos com assento parlamentar, destacam os n\u00edveis de debates. Clique, no \u00e1udio abaixo, e saiba mais com o jornalista Ant\u00f3nio Chocolate:<\/p>\n","protected":false},"author":8,"featured_media":26784,"comment_status":"closed","ping_status":"closed","sticky":false,"template":"","format":"standard","meta":[],"categories":[142,121,164,163],"tags":[],"_links":{"self":[{"href":"https:\/\/rna.ao\/rna.ao\/wp-json\/wp\/v2\/posts\/112809"}],"collection":[{"href":"https:\/\/rna.ao\/rna.ao\/wp-json\/wp\/v2\/posts"}],"about":[{"href":"https:\/\/rna.ao\/rna.ao\/wp-json\/wp\/v2\/types\/post"}],"author":[{"embeddable":true,"href":"https:\/\/rna.ao\/rna.ao\/wp-json\/wp\/v2\/users\/8"}],"replies":[{"embeddable":true,"href":"https:\/\/rna.ao\/rna.ao\/wp-json\/wp\/v2\/comments?post=112809"}],"version-history":[{"count":1,"href":"https:\/\/rna.ao\/rna.ao\/wp-json\/wp\/v2\/posts\/112809\/revisions"}],"predecessor-version":[{"id":112816,"href":"https:\/\/rna.ao\/rna.ao\/wp-json\/wp\/v2\/posts\/112809\/revisions\/112816"}],"wp:featuredmedia":[{"embeddable":true,"href":"https:\/\/rna.ao\/rna.ao\/wp-json\/wp\/v2\/media\/26784"}],"wp:attachment":[{"href":"https:\/\/rna.ao\/rna.ao\/wp-json\/wp\/v2\/media?parent=112809"}],"wp:term":[{"taxonomy":"category","embeddable":true,"href":"https:\/\/rna.ao\/rna.ao\/wp-json\/wp\/v2\/categories?post=112809"},{"taxonomy":"post_tag","embeddable":true,"href":"https:\/\/rna.ao\/rna.ao\/wp-json\/wp\/v2\/tags?post=112809"}],"curies":[{"name":"wp","href":"https:\/\/api.w.org\/{rel}","templated":true}]}}