{"id":112797,"date":"2023-08-15T07:50:29","date_gmt":"2023-08-15T06:50:29","guid":{"rendered":"https:\/\/rna.ao\/rna.ao\/?p=112797"},"modified":"2023-08-15T07:50:29","modified_gmt":"2023-08-15T06:50:29","slug":"kikuxi-vilas-clube-conquista-campeonato-de-tenis-em-sub-18","status":"publish","type":"post","link":"https:\/\/rna.ao\/rna.ao\/2023\/08\/15\/kikuxi-vilas-clube-conquista-campeonato-de-tenis-em-sub-18\/","title":{"rendered":"Kikuxi Vilas Clube conquista campeonato de t\u00e9nis em sub-18"},"content":{"rendered":"<p><img loading=\"lazy\" class=\"size-full wp-image-112806 alignleft\" src=\"https:\/\/rna.ao\/rna.ao\/wp-content\/uploads\/2023\/08\/kikuxi-vilas-clube.jpg\" alt=\"\" width=\"372\" height=\"213\" srcset=\"https:\/\/rna.ao\/rna.ao\/wp-content\/uploads\/2023\/08\/kikuxi-vilas-clube.jpg 372w, https:\/\/rna.ao\/rna.ao\/wp-content\/uploads\/2023\/08\/kikuxi-vilas-clube-370x213.jpg 370w\" sizes=\"(max-width: 372px) 100vw, 372px\" \/>Decorreu no Distrito Urbano do Kikuxi, Munic\u00edpio de Viana, o campeonato de t\u00e9nis em sub-18. Daniel Ant\u00f3nio foi o grande vencedor em masculino, e real\u00e7a que a prova n\u00e3o foi f\u00e1cil apesar da vit\u00f3ria.\u00a0Clique no \u00e1udio e ou\u00e7a:<\/p>\n\t<div class=\"qtmplayer-playlist-large\">\n\t\t<ul class=\"qtmplayer-playlist\">\n\t\t\t\n\t\t\t\t\t<li class=\"qtmplayer-trackitem\">\n\t\t<img src=\"https:\/\/rna.ao\/rna.ao\/wp-content\/uploads\/2023\/08\/kikuxi-vilas-clube-100x100.jpg\" alt=\"cover\">\t\t<span \t\t\tdata-qtmplayer-cover=\"https:\/\/rna.ao\/rna.ao\/wp-content\/uploads\/2023\/08\/kikuxi-vilas-clube.jpg\"\n\t\t\t\t\t\tdata-qtmplayer-file=\"https:\/\/rna.ao\/rna.ao\/wp-content\/uploads\/2023\/08\/P-J-9-DANIEL-DOMINGOS-15-08-23.mp3\"\n\t\t\t\t\t\tdata-qtmplayer-title=\"Kikuxi Vilas Clube conquista campeonato de t\u00e9nis em sub-18\"\n\t\t\t\t\t\tdata-qtmplayer-artist=\"RNA\"\n\t\t\t\t\t\tdata-qtmplayer-link=\"https:\/\/rna.ao\/rna.ao\/2023\/08\/15\/kikuxi-vilas-clube-conquista-campeonato-de-tenis-em-sub-18\/\"\n\t\t\t\t\t\tdata-qtmplayer-icon=\"file_download\"\n\t\t\t\t\t\tdata-qtmplayer-type=\"track\"\n\t\t\t class=\"qtmplayer-play qtmplayer-link-sec qtmplayer-play-btn\"><i class='material-icons'>play_arrow<\/i><\/span>\n\t\t<p>\n\t\t\t<span class=\"qtmplayer-tit\">Kikuxi Vilas Clube conquista campeonato de t\u00e9nis em sub-18<\/span>\n\t\t\t<span class=\"qtmplayer-art\">RNA<\/span>\n\t\t<\/p>\n\t<\/li>\n\t\t<\/ul>\n\t<\/div>\t\t\t\n\t\n<p>Na classe feminina, a tenista do Kikuxi Vilas Clube, Gabriela Martins, foi a melhor, embora tenha encontrado dificuldades na final. Clique no \u00e1udio e ou\u00e7a:<\/p>\n\t<div class=\"qtmplayer-playlist-large\">\n\t\t<ul class=\"qtmplayer-playlist\">\n\t\t\t\n\t\t\t\t\t<li class=\"qtmplayer-trackitem\">\n\t\t<img src=\"https:\/\/rna.ao\/rna.ao\/wp-content\/uploads\/2023\/08\/kikuxi-vilas-clube-100x100.jpg\" alt=\"cover\">\t\t<span \t\t\tdata-qtmplayer-cover=\"https:\/\/rna.ao\/rna.ao\/wp-content\/uploads\/2023\/08\/kikuxi-vilas-clube.jpg\"\n\t\t\t\t\t\tdata-qtmplayer-file=\"https:\/\/rna.ao\/rna.ao\/wp-content\/uploads\/2023\/08\/P-J-10-DANIELA-MARTINS-15-08-23.mp3\"\n\t\t\t\t\t\tdata-qtmplayer-title=\"Kikuxi Vilas Clube conquista campeonato de t\u00e9nis em sub-18\"\n\t\t\t\t\t\tdata-qtmplayer-artist=\"RNA\"\n\t\t\t\t\t\tdata-qtmplayer-link=\"https:\/\/rna.ao\/rna.ao\/2023\/08\/15\/kikuxi-vilas-clube-conquista-campeonato-de-tenis-em-sub-18\/\"\n\t\t\t\t\t\tdata-qtmplayer-icon=\"file_download\"\n\t\t\t\t\t\tdata-qtmplayer-type=\"track\"\n\t\t\t class=\"qtmplayer-play qtmplayer-link-sec qtmplayer-play-btn\"><i class='material-icons'>play_arrow<\/i><\/span>\n\t\t<p>\n\t\t\t<span class=\"qtmplayer-tit\">Kikuxi Vilas Clube conquista campeonato de t\u00e9nis em sub-18<\/span>\n\t\t\t<span class=\"qtmplayer-art\">RNA<\/span>\n\t\t<\/p>\n\t<\/li>\n\t\t<\/ul>\n\t<\/div>\t\t\t\n\t\n","protected":false},"excerpt":{"rendered":"<p>Decorreu no Distrito Urbano do Kikuxi, Munic\u00edpio de Viana, o campeonato de t\u00e9nis em sub-18. Daniel Ant\u00f3nio foi o grande vencedor em masculino, e real\u00e7a que a prova n\u00e3o foi f\u00e1cil apesar da vit\u00f3ria.\u00a0Clique no \u00e1udio e ou\u00e7a: Na classe feminina, a tenista do Kikuxi Vilas Clube, Gabriela Martins, foi ...<\/p>\n","protected":false},"author":8,"featured_media":112806,"comment_status":"closed","ping_status":"closed","sticky":false,"template":"","format":"standard","meta":[],"categories":[145,125,164],"tags":[],"_links":{"self":[{"href":"https:\/\/rna.ao\/rna.ao\/wp-json\/wp\/v2\/posts\/112797"}],"collection":[{"href":"https:\/\/rna.ao\/rna.ao\/wp-json\/wp\/v2\/posts"}],"about":[{"href":"https:\/\/rna.ao\/rna.ao\/wp-json\/wp\/v2\/types\/post"}],"author":[{"embeddable":true,"href":"https:\/\/rna.ao\/rna.ao\/wp-json\/wp\/v2\/users\/8"}],"replies":[{"embeddable":true,"href":"https:\/\/rna.ao\/rna.ao\/wp-json\/wp\/v2\/comments?post=112797"}],"version-history":[{"count":1,"href":"https:\/\/rna.ao\/rna.ao\/wp-json\/wp\/v2\/posts\/112797\/revisions"}],"predecessor-version":[{"id":112808,"href":"https:\/\/rna.ao\/rna.ao\/wp-json\/wp\/v2\/posts\/112797\/revisions\/112808"}],"wp:featuredmedia":[{"embeddable":true,"href":"https:\/\/rna.ao\/rna.ao\/wp-json\/wp\/v2\/media\/112806"}],"wp:attachment":[{"href":"https:\/\/rna.ao\/rna.ao\/wp-json\/wp\/v2\/media?parent=112797"}],"wp:term":[{"taxonomy":"category","embeddable":true,"href":"https:\/\/rna.ao\/rna.ao\/wp-json\/wp\/v2\/categories?post=112797"},{"taxonomy":"post_tag","embeddable":true,"href":"https:\/\/rna.ao\/rna.ao\/wp-json\/wp\/v2\/tags?post=112797"}],"curies":[{"name":"wp","href":"https:\/\/api.w.org\/{rel}","templated":true}]}}