{"id":112792,"date":"2023-08-15T07:37:20","date_gmt":"2023-08-15T06:37:20","guid":{"rendered":"https:\/\/rna.ao\/rna.ao\/?p=112792"},"modified":"2023-08-15T07:37:20","modified_gmt":"2023-08-15T06:37:20","slug":"cidade-do-uige-acolhe-nacionais-de-andebol-em-juvenis","status":"publish","type":"post","link":"https:\/\/rna.ao\/rna.ao\/2023\/08\/15\/cidade-do-uige-acolhe-nacionais-de-andebol-em-juvenis\/","title":{"rendered":"Cidade do U\u00edge acolhe nacionais de andebol em juvenis"},"content":{"rendered":"<p><img loading=\"lazy\" class=\"size-full wp-image-112795 alignleft\" src=\"https:\/\/rna.ao\/rna.ao\/wp-content\/uploads\/2023\/08\/nacional-juvenil-masculino-de-andebol-em-juvenis-2.jpg\" alt=\"\" width=\"346\" height=\"207\" \/>A Prov\u00edncia do U\u00edge, alberga esta est\u00e1 quarta-feira, 16 de Agosto, nacional juvenil masculino de andebol em juvenis. Santos Ant\u00f3nio, Director t\u00e9cnico da federa\u00e7\u00e3o d\u00e1 nos o ponto de situa\u00e7\u00e3o.\u00a0Clique no \u00e1udio e ou\u00e7a:<\/p>\n\t<div class=\"qtmplayer-playlist-large\">\n\t\t<ul class=\"qtmplayer-playlist\">\n\t\t\t\n\t\t\t\t\t<li class=\"qtmplayer-trackitem\">\n\t\t<img src=\"https:\/\/rna.ao\/rna.ao\/wp-content\/uploads\/2023\/08\/nacional-juvenil-masculino-de-andebol-em-juvenis-2-100x100.jpg\" alt=\"cover\">\t\t<span \t\t\tdata-qtmplayer-cover=\"https:\/\/rna.ao\/rna.ao\/wp-content\/uploads\/2023\/08\/nacional-juvenil-masculino-de-andebol-em-juvenis-2.jpg\"\n\t\t\t\t\t\tdata-qtmplayer-file=\"https:\/\/rna.ao\/rna.ao\/wp-content\/uploads\/2023\/08\/P-J-8-SANTOS-ANTONIO-15-08-23.mp3\"\n\t\t\t\t\t\tdata-qtmplayer-title=\"Cidade do U\u00edge acolhe nacionais de andebol em juvenis\"\n\t\t\t\t\t\tdata-qtmplayer-artist=\"RNA\"\n\t\t\t\t\t\tdata-qtmplayer-link=\"https:\/\/rna.ao\/rna.ao\/2023\/08\/15\/cidade-do-uige-acolhe-nacionais-de-andebol-em-juvenis\/\"\n\t\t\t\t\t\tdata-qtmplayer-icon=\"file_download\"\n\t\t\t\t\t\tdata-qtmplayer-type=\"track\"\n\t\t\t class=\"qtmplayer-play qtmplayer-link-sec qtmplayer-play-btn\"><i class='material-icons'>play_arrow<\/i><\/span>\n\t\t<p>\n\t\t\t<span class=\"qtmplayer-tit\">Cidade do U\u00edge acolhe nacionais de andebol em juvenis<\/span>\n\t\t\t<span class=\"qtmplayer-art\">RNA<\/span>\n\t\t<\/p>\n\t<\/li>\n\t\t<\/ul>\n\t<\/div>\t\t\t\n\t\n","protected":false},"excerpt":{"rendered":"<p>A Prov\u00edncia do U\u00edge, alberga esta est\u00e1 quarta-feira, 16 de Agosto, nacional juvenil masculino de andebol em juvenis. Santos Ant\u00f3nio, Director t\u00e9cnico da federa\u00e7\u00e3o d\u00e1 nos o ponto de situa\u00e7\u00e3o.\u00a0Clique no \u00e1udio e ou\u00e7a:<\/p>\n","protected":false},"author":8,"featured_media":112795,"comment_status":"closed","ping_status":"closed","sticky":false,"template":"","format":"standard","meta":[],"categories":[145,125,164],"tags":[],"_links":{"self":[{"href":"https:\/\/rna.ao\/rna.ao\/wp-json\/wp\/v2\/posts\/112792"}],"collection":[{"href":"https:\/\/rna.ao\/rna.ao\/wp-json\/wp\/v2\/posts"}],"about":[{"href":"https:\/\/rna.ao\/rna.ao\/wp-json\/wp\/v2\/types\/post"}],"author":[{"embeddable":true,"href":"https:\/\/rna.ao\/rna.ao\/wp-json\/wp\/v2\/users\/8"}],"replies":[{"embeddable":true,"href":"https:\/\/rna.ao\/rna.ao\/wp-json\/wp\/v2\/comments?post=112792"}],"version-history":[{"count":1,"href":"https:\/\/rna.ao\/rna.ao\/wp-json\/wp\/v2\/posts\/112792\/revisions"}],"predecessor-version":[{"id":112796,"href":"https:\/\/rna.ao\/rna.ao\/wp-json\/wp\/v2\/posts\/112792\/revisions\/112796"}],"wp:featuredmedia":[{"embeddable":true,"href":"https:\/\/rna.ao\/rna.ao\/wp-json\/wp\/v2\/media\/112795"}],"wp:attachment":[{"href":"https:\/\/rna.ao\/rna.ao\/wp-json\/wp\/v2\/media?parent=112792"}],"wp:term":[{"taxonomy":"category","embeddable":true,"href":"https:\/\/rna.ao\/rna.ao\/wp-json\/wp\/v2\/categories?post=112792"},{"taxonomy":"post_tag","embeddable":true,"href":"https:\/\/rna.ao\/rna.ao\/wp-json\/wp\/v2\/tags?post=112792"}],"curies":[{"name":"wp","href":"https:\/\/api.w.org\/{rel}","templated":true}]}}