{"id":112777,"date":"2023-08-15T07:13:16","date_gmt":"2023-08-15T06:13:16","guid":{"rendered":"https:\/\/rna.ao\/rna.ao\/?p=112777"},"modified":"2023-08-15T07:13:16","modified_gmt":"2023-08-15T06:13:16","slug":"petro-de-luanda-termina-estagio-em-portugal","status":"publish","type":"post","link":"https:\/\/rna.ao\/rna.ao\/2023\/08\/15\/petro-de-luanda-termina-estagio-em-portugal\/","title":{"rendered":"Petro de Luanda termina est\u00e1gio em Portugal"},"content":{"rendered":"<p><img loading=\"lazy\" class=\"size-full wp-image-112781 alignleft\" src=\"https:\/\/rna.ao\/rna.ao\/wp-content\/uploads\/2023\/08\/Alexandre-Santos-treinador-principal.jpg\" alt=\"\" width=\"372\" height=\"213\" srcset=\"https:\/\/rna.ao\/rna.ao\/wp-content\/uploads\/2023\/08\/Alexandre-Santos-treinador-principal.jpg 372w, https:\/\/rna.ao\/rna.ao\/wp-content\/uploads\/2023\/08\/Alexandre-Santos-treinador-principal-370x213.jpg 370w\" sizes=\"(max-width: 372px) 100vw, 372px\" \/>A equipa principal de futebol do Petro de Luanda, j\u00e1 se encontra na capital do pa\u00eds, depois do est\u00e1gio realizado na regi\u00e3o portuguesa do Algarve. Alexandre Santos, treinador principal mostra-se optimista em conquistar a superta\u00e7a, frente ao finalista vencido da ta\u00e7a de Angola.\u00a0Clique no \u00e1udio e ou\u00e7a:<\/p>\n\t<div class=\"qtmplayer-playlist-large\">\n\t\t<ul class=\"qtmplayer-playlist\">\n\t\t\t\n\t\t\t\t\t<li class=\"qtmplayer-trackitem\">\n\t\t<img src=\"https:\/\/rna.ao\/rna.ao\/wp-content\/uploads\/2023\/08\/petro-100x100.jpg\" alt=\"cover\">\t\t<span \t\t\tdata-qtmplayer-cover=\"https:\/\/rna.ao\/rna.ao\/wp-content\/uploads\/2023\/08\/petro.jpg\"\n\t\t\t\t\t\tdata-qtmplayer-file=\"https:\/\/rna.ao\/rna.ao\/wp-content\/uploads\/2023\/08\/P-J-3-ALEXANDRE-SANTOS-15-08-23.mp3\"\n\t\t\t\t\t\tdata-qtmplayer-title=\"Petro de Luanda termina est\u00e1gio em Portugal\"\n\t\t\t\t\t\tdata-qtmplayer-artist=\"RNA\"\n\t\t\t\t\t\tdata-qtmplayer-link=\"https:\/\/rna.ao\/rna.ao\/2023\/08\/15\/petro-de-luanda-termina-estagio-em-portugal\/\"\n\t\t\t\t\t\tdata-qtmplayer-icon=\"file_download\"\n\t\t\t\t\t\tdata-qtmplayer-type=\"track\"\n\t\t\t class=\"qtmplayer-play qtmplayer-link-sec qtmplayer-play-btn\"><i class='material-icons'>play_arrow<\/i><\/span>\n\t\t<p>\n\t\t\t<span class=\"qtmplayer-tit\">Petro de Luanda termina est\u00e1gio em Portugal<\/span>\n\t\t\t<span class=\"qtmplayer-art\">RNA<\/span>\n\t\t<\/p>\n\t<\/li>\n\t\t<\/ul>\n\t<\/div>\t\t\t\n\t\n","protected":false},"excerpt":{"rendered":"<p>A equipa principal de futebol do Petro de Luanda, j\u00e1 se encontra na capital do pa\u00eds, depois do est\u00e1gio realizado na regi\u00e3o portuguesa do Algarve. Alexandre Santos, treinador principal mostra-se optimista em conquistar a superta\u00e7a, frente ao finalista vencido da ta\u00e7a de Angola.\u00a0Clique no \u00e1udio e ou\u00e7a:<\/p>\n","protected":false},"author":8,"featured_media":112782,"comment_status":"closed","ping_status":"closed","sticky":false,"template":"","format":"standard","meta":[],"categories":[145,125,164,1],"tags":[],"_links":{"self":[{"href":"https:\/\/rna.ao\/rna.ao\/wp-json\/wp\/v2\/posts\/112777"}],"collection":[{"href":"https:\/\/rna.ao\/rna.ao\/wp-json\/wp\/v2\/posts"}],"about":[{"href":"https:\/\/rna.ao\/rna.ao\/wp-json\/wp\/v2\/types\/post"}],"author":[{"embeddable":true,"href":"https:\/\/rna.ao\/rna.ao\/wp-json\/wp\/v2\/users\/8"}],"replies":[{"embeddable":true,"href":"https:\/\/rna.ao\/rna.ao\/wp-json\/wp\/v2\/comments?post=112777"}],"version-history":[{"count":2,"href":"https:\/\/rna.ao\/rna.ao\/wp-json\/wp\/v2\/posts\/112777\/revisions"}],"predecessor-version":[{"id":112784,"href":"https:\/\/rna.ao\/rna.ao\/wp-json\/wp\/v2\/posts\/112777\/revisions\/112784"}],"wp:featuredmedia":[{"embeddable":true,"href":"https:\/\/rna.ao\/rna.ao\/wp-json\/wp\/v2\/media\/112782"}],"wp:attachment":[{"href":"https:\/\/rna.ao\/rna.ao\/wp-json\/wp\/v2\/media?parent=112777"}],"wp:term":[{"taxonomy":"category","embeddable":true,"href":"https:\/\/rna.ao\/rna.ao\/wp-json\/wp\/v2\/categories?post=112777"},{"taxonomy":"post_tag","embeddable":true,"href":"https:\/\/rna.ao\/rna.ao\/wp-json\/wp\/v2\/tags?post=112777"}],"curies":[{"name":"wp","href":"https:\/\/api.w.org\/{rel}","templated":true}]}}