{"id":112772,"date":"2023-08-15T06:59:58","date_gmt":"2023-08-15T05:59:58","guid":{"rendered":"https:\/\/rna.ao\/rna.ao\/?p=112772"},"modified":"2023-08-15T07:04:35","modified_gmt":"2023-08-15T06:04:35","slug":"adiada-implementacao-da-liga-profissional-de-futebol-faf-mante-actual-modelo-de-disputa","status":"publish","type":"post","link":"https:\/\/rna.ao\/rna.ao\/2023\/08\/15\/adiada-implementacao-da-liga-profissional-de-futebol-faf-mante-actual-modelo-de-disputa\/","title":{"rendered":"Adiada implementa\u00e7\u00e3o da Liga profissional de futebol. FAF mante actual modelo de disputa"},"content":{"rendered":"<p style=\"font-weight: 400;\"><img loading=\"lazy\" class=\"size-full wp-image-112775 alignleft\" src=\"https:\/\/rna.ao\/rna.ao\/wp-content\/uploads\/2023\/08\/Geronimo-Goncalves.jpg\" alt=\"\" width=\"194\" height=\"259\" \/>A fam\u00edlia do futebol nacional esteve reunida na cidade do Cu\u00edto, Prov\u00edncia do\u00a0 Bi\u00e9, onde foram debatidos v\u00e1rias tem\u00e1ticas a volta do campeonato nacional quer na primeira como na segunda divis\u00e3o. A implementa\u00e7\u00e3o da liga profissional de futebol, fica para j\u00e1 adiada. O porta voz da FAF, Ger\u00f3nimo Gon\u00e7alves fez a leitura das principais delibera\u00e7\u00f5es sa\u00eddas do encontro.\u00a0Clique no \u00e1udio e ou\u00e7a:<\/p>\n\t<div class=\"qtmplayer-playlist-large\">\n\t\t<ul class=\"qtmplayer-playlist\">\n\t\t\t\n\t\t\t\t\t<li class=\"qtmplayer-trackitem\">\n\t\t<img src=\"https:\/\/rna.ao\/rna.ao\/wp-content\/uploads\/2022\/03\/futebol-100x100.jpg\" alt=\"cover\">\t\t<span \t\t\tdata-qtmplayer-cover=\"https:\/\/rna.ao\/rna.ao\/wp-content\/uploads\/2022\/03\/futebol-370x370.jpg\"\n\t\t\t\t\t\tdata-qtmplayer-file=\"https:\/\/rna.ao\/rna.ao\/wp-content\/uploads\/2023\/08\/P-J-1-GERONIMO-GONCALVES-15-08-23.mp3\"\n\t\t\t\t\t\tdata-qtmplayer-title=\"Adiada implementa\u00e7\u00e3o da Liga profissional de futebol. FAF mante actual modelo de disputa\"\n\t\t\t\t\t\tdata-qtmplayer-artist=\"RNA\"\n\t\t\t\t\t\tdata-qtmplayer-link=\"https:\/\/rna.ao\/rna.ao\/2023\/08\/15\/adiada-implementacao-da-liga-profissional-de-futebol-faf-mante-actual-modelo-de-disputa\/\"\n\t\t\t\t\t\tdata-qtmplayer-icon=\"file_download\"\n\t\t\t\t\t\tdata-qtmplayer-type=\"track\"\n\t\t\t class=\"qtmplayer-play qtmplayer-link-sec qtmplayer-play-btn\"><i class='material-icons'>play_arrow<\/i><\/span>\n\t\t<p>\n\t\t\t<span class=\"qtmplayer-tit\">Adiada implementa\u00e7\u00e3o da Liga profissional de futebol. FAF mante actual modelo de disputa<\/span>\n\t\t\t<span class=\"qtmplayer-art\">RNA<\/span>\n\t\t<\/p>\n\t<\/li>\n\t\t<\/ul>\n\t<\/div>\t\t\t\n\t\n<p>Jos\u00e9 Neves, Presidente do Conselho T\u00e9cnico Desportivo da FAF, espera que as delibera\u00e7\u00f5es produzidas na reuni\u00e3o magna, possam ser implementadas no futuro pr\u00f3ximo. Clique no \u00e1udio e ou\u00e7a:<\/p>\n\t<div class=\"qtmplayer-playlist-large\">\n\t\t<ul class=\"qtmplayer-playlist\">\n\t\t\t\n\t\t\t\t\t<li class=\"qtmplayer-trackitem\">\n\t\t<img src=\"https:\/\/rna.ao\/rna.ao\/wp-content\/uploads\/2022\/03\/futebol-100x100.jpg\" alt=\"cover\">\t\t<span \t\t\tdata-qtmplayer-cover=\"https:\/\/rna.ao\/rna.ao\/wp-content\/uploads\/2022\/03\/futebol-370x370.jpg\"\n\t\t\t\t\t\tdata-qtmplayer-file=\"https:\/\/rna.ao\/rna.ao\/wp-content\/uploads\/2023\/08\/P-J-2-JOSE-NEVES-15-08-23.mp3\"\n\t\t\t\t\t\tdata-qtmplayer-title=\"Adiada implementa\u00e7\u00e3o da Liga profissional de futebol. FAF mante actual modelo de disputa\"\n\t\t\t\t\t\tdata-qtmplayer-artist=\"RNA\"\n\t\t\t\t\t\tdata-qtmplayer-link=\"https:\/\/rna.ao\/rna.ao\/2023\/08\/15\/adiada-implementacao-da-liga-profissional-de-futebol-faf-mante-actual-modelo-de-disputa\/\"\n\t\t\t\t\t\tdata-qtmplayer-icon=\"file_download\"\n\t\t\t\t\t\tdata-qtmplayer-type=\"track\"\n\t\t\t class=\"qtmplayer-play qtmplayer-link-sec qtmplayer-play-btn\"><i class='material-icons'>play_arrow<\/i><\/span>\n\t\t<p>\n\t\t\t<span class=\"qtmplayer-tit\">Adiada implementa\u00e7\u00e3o da Liga profissional de futebol. FAF mante actual modelo de disputa<\/span>\n\t\t\t<span class=\"qtmplayer-art\">RNA<\/span>\n\t\t<\/p>\n\t<\/li>\n\t\t<\/ul>\n\t<\/div>\t\t\t\n\t\n","protected":false},"excerpt":{"rendered":"<p>A fam\u00edlia do futebol nacional esteve reunida na cidade do Cu\u00edto, Prov\u00edncia do\u00a0 Bi\u00e9, onde foram debatidos v\u00e1rias tem\u00e1ticas a volta do campeonato nacional quer na primeira como na segunda divis\u00e3o. A implementa\u00e7\u00e3o da liga profissional de futebol, fica para j\u00e1 adiada. O porta voz da FAF, Ger\u00f3nimo Gon\u00e7alves fez ...<\/p>\n","protected":false},"author":8,"featured_media":57198,"comment_status":"closed","ping_status":"closed","sticky":false,"template":"","format":"standard","meta":[],"categories":[145,125,164],"tags":[],"_links":{"self":[{"href":"https:\/\/rna.ao\/rna.ao\/wp-json\/wp\/v2\/posts\/112772"}],"collection":[{"href":"https:\/\/rna.ao\/rna.ao\/wp-json\/wp\/v2\/posts"}],"about":[{"href":"https:\/\/rna.ao\/rna.ao\/wp-json\/wp\/v2\/types\/post"}],"author":[{"embeddable":true,"href":"https:\/\/rna.ao\/rna.ao\/wp-json\/wp\/v2\/users\/8"}],"replies":[{"embeddable":true,"href":"https:\/\/rna.ao\/rna.ao\/wp-json\/wp\/v2\/comments?post=112772"}],"version-history":[{"count":2,"href":"https:\/\/rna.ao\/rna.ao\/wp-json\/wp\/v2\/posts\/112772\/revisions"}],"predecessor-version":[{"id":112778,"href":"https:\/\/rna.ao\/rna.ao\/wp-json\/wp\/v2\/posts\/112772\/revisions\/112778"}],"wp:featuredmedia":[{"embeddable":true,"href":"https:\/\/rna.ao\/rna.ao\/wp-json\/wp\/v2\/media\/57198"}],"wp:attachment":[{"href":"https:\/\/rna.ao\/rna.ao\/wp-json\/wp\/v2\/media?parent=112772"}],"wp:term":[{"taxonomy":"category","embeddable":true,"href":"https:\/\/rna.ao\/rna.ao\/wp-json\/wp\/v2\/categories?post=112772"},{"taxonomy":"post_tag","embeddable":true,"href":"https:\/\/rna.ao\/rna.ao\/wp-json\/wp\/v2\/tags?post=112772"}],"curies":[{"name":"wp","href":"https:\/\/api.w.org\/{rel}","templated":true}]}}