{"id":11231,"date":"2020-11-12T09:49:22","date_gmt":"2020-11-12T08:49:22","guid":{"rendered":"https:\/\/rna.ao\/rna.ao\/?p=11231"},"modified":"2020-11-12T09:49:22","modified_gmt":"2020-11-12T08:49:22","slug":"covid-19-vacina-pfiser-podera-chegar-a-angola-no-inicio-de-2021","status":"publish","type":"post","link":"https:\/\/rna.ao\/rna.ao\/2020\/11\/12\/covid-19-vacina-pfiser-podera-chegar-a-angola-no-inicio-de-2021\/","title":{"rendered":"Covid-19: Vacina Pfiser poder\u00e1 chegar a Angola no in\u00edcio de 2021"},"content":{"rendered":"<p><img loading=\"lazy\" class=\"wp-image-9722 alignleft\" src=\"https:\/\/rna.ao\/rna.ao\/wp-content\/uploads\/2020\/10\/Silvia-Lutucuta-2.jpg\" alt=\"\" width=\"225\" height=\"177\" \/><\/p>\n<p>A Ministra da Sa\u00fade, S\u00edlvia Lutucuta, garante que uma vacina contra a Covid-19 poder\u00e1 chegar, ao nosso pa\u00eds, no in\u00edcio de 2021.<\/p>\n<p>S\u00edlvia Lutucuta, que participa na Assembleia-Geral da OMS, avan\u00e7ou que a vacina da \u201cPfiser\u201d tem, neste momento, noventa por cento de efic\u00e1cia, e est\u00e1 na fase tr\u00eas de estudo. Clique no \u00e1udio, em baixo, e ou\u00e7a:<\/p>\n\t<div class=\"qtmplayer-playlist-large\">\n\t\t<ul class=\"qtmplayer-playlist\">\n\t\t\t\n\t\t\t\t\t<li class=\"qtmplayer-trackitem\">\n\t\t<img src=\"https:\/\/rna.ao\/rna.ao\/wp-content\/uploads\/2020\/10\/Silvia-Lutucuta-2-100x100.jpg\" alt=\"cover\">\t\t<span \t\t\tdata-qtmplayer-cover=\"https:\/\/rna.ao\/rna.ao\/wp-content\/uploads\/2020\/10\/Silvia-Lutucuta-2.jpg\"\n\t\t\t\t\t\tdata-qtmplayer-file=\"https:\/\/rna.ao\/rna.ao\/wp-content\/uploads\/2020\/11\/SILVIA-LUTUCUTA-VACINA.mp3\"\n\t\t\t\t\t\tdata-qtmplayer-title=\"Covid-19: Vacina Pfiser poder\u00e1 chegar a Angola no in\u00edcio de 2021\"\n\t\t\t\t\t\tdata-qtmplayer-artist=\"RNA\"\n\t\t\t\t\t\tdata-qtmplayer-link=\"https:\/\/rna.ao\/rna.ao\/2020\/11\/12\/covid-19-vacina-pfiser-podera-chegar-a-angola-no-inicio-de-2021\/\"\n\t\t\t\t\t\tdata-qtmplayer-icon=\"file_download\"\n\t\t\t\t\t\tdata-qtmplayer-type=\"track\"\n\t\t\t class=\"qtmplayer-play qtmplayer-link-sec qtmplayer-play-btn\"><i class='material-icons'>play_arrow<\/i><\/span>\n\t\t<p>\n\t\t\t<span class=\"qtmplayer-tit\">Covid-19: Vacina Pfiser poder\u00e1 chegar a Angola no in\u00edcio de 2021<\/span>\n\t\t\t<span class=\"qtmplayer-art\">RNA<\/span>\n\t\t<\/p>\n\t<\/li>\n\t\t<\/ul>\n\t<\/div>\t\t\t\n\t\n<p>Fonte: RNA<\/p>\n","protected":false},"excerpt":{"rendered":"<p>A Ministra da Sa\u00fade, S\u00edlvia Lutucuta, garante que uma vacina contra a Covid-19 poder\u00e1 chegar, ao nosso pa\u00eds, no in\u00edcio de 2021. S\u00edlvia Lutucuta, que participa na Assembleia-Geral da OMS, avan\u00e7ou que a vacina da \u201cPfiser\u201d tem, neste momento, noventa por cento de efic\u00e1cia, e est\u00e1 na fase tr\u00eas de ...<\/p>\n","protected":false},"author":8,"featured_media":9722,"comment_status":"closed","ping_status":"closed","sticky":false,"template":"","format":"standard","meta":[],"categories":[121,163],"tags":[],"_links":{"self":[{"href":"https:\/\/rna.ao\/rna.ao\/wp-json\/wp\/v2\/posts\/11231"}],"collection":[{"href":"https:\/\/rna.ao\/rna.ao\/wp-json\/wp\/v2\/posts"}],"about":[{"href":"https:\/\/rna.ao\/rna.ao\/wp-json\/wp\/v2\/types\/post"}],"author":[{"embeddable":true,"href":"https:\/\/rna.ao\/rna.ao\/wp-json\/wp\/v2\/users\/8"}],"replies":[{"embeddable":true,"href":"https:\/\/rna.ao\/rna.ao\/wp-json\/wp\/v2\/comments?post=11231"}],"version-history":[{"count":1,"href":"https:\/\/rna.ao\/rna.ao\/wp-json\/wp\/v2\/posts\/11231\/revisions"}],"predecessor-version":[{"id":11233,"href":"https:\/\/rna.ao\/rna.ao\/wp-json\/wp\/v2\/posts\/11231\/revisions\/11233"}],"wp:featuredmedia":[{"embeddable":true,"href":"https:\/\/rna.ao\/rna.ao\/wp-json\/wp\/v2\/media\/9722"}],"wp:attachment":[{"href":"https:\/\/rna.ao\/rna.ao\/wp-json\/wp\/v2\/media?parent=11231"}],"wp:term":[{"taxonomy":"category","embeddable":true,"href":"https:\/\/rna.ao\/rna.ao\/wp-json\/wp\/v2\/categories?post=11231"},{"taxonomy":"post_tag","embeddable":true,"href":"https:\/\/rna.ao\/rna.ao\/wp-json\/wp\/v2\/tags?post=11231"}],"curies":[{"name":"wp","href":"https:\/\/api.w.org\/{rel}","templated":true}]}}