{"id":11227,"date":"2020-11-12T09:44:42","date_gmt":"2020-11-12T08:44:42","guid":{"rendered":"https:\/\/rna.ao\/rna.ao\/?p=11227"},"modified":"2020-11-12T09:44:42","modified_gmt":"2020-11-12T08:44:42","slug":"dia-mundial-da-pneumonia-luena-regista-quinze-casos-por-semana","status":"publish","type":"post","link":"https:\/\/rna.ao\/rna.ao\/2020\/11\/12\/dia-mundial-da-pneumonia-luena-regista-quinze-casos-por-semana\/","title":{"rendered":"Dia Mundial da Pneumonia: Luena regista quinze casos por semana"},"content":{"rendered":"<p><img loading=\"lazy\" class=\"size-full wp-image-11229 alignleft\" src=\"https:\/\/rna.ao\/rna.ao\/wp-content\/uploads\/2020\/11\/Vacina-Pneumonia.jpg\" alt=\"\" width=\"312\" height=\"177\" \/><\/p>\n<p>O Mundo assinala esta quinta-feira, 12 de Novembro, o Dia da Pneumonia.<\/p>\n<p>Por c\u00e1, as autoridades sanit\u00e1rias no Moxico est\u00e3o preocupadas com o aumento de casos, na Cidade do Luena.<\/p>\n<p>No Hospital Regional do Luena s\u00e3o registados, semanalmente, entre dez a quinze casos da doen\u00e7a, com as crian\u00e7as e idosos na linha dos mais afectados. Clique no \u00e1udio, em baixo, e ou\u00e7a com desenvolvimento na reportagem:<\/p>\n\t<div class=\"qtmplayer-playlist-large\">\n\t\t<ul class=\"qtmplayer-playlist\">\n\t\t\t\n\t\t\t\t\t<li class=\"qtmplayer-trackitem\">\n\t\t<img src=\"https:\/\/rna.ao\/rna.ao\/wp-content\/uploads\/2020\/11\/Vacina-Pneumonia-100x100.jpg\" alt=\"cover\">\t\t<span \t\t\tdata-qtmplayer-cover=\"https:\/\/rna.ao\/rna.ao\/wp-content\/uploads\/2020\/11\/Vacina-Pneumonia.jpg\"\n\t\t\t\t\t\tdata-qtmplayer-file=\"https:\/\/rna.ao\/rna.ao\/wp-content\/uploads\/2020\/11\/BONIFACIO-GRAVANTE.mp3\"\n\t\t\t\t\t\tdata-qtmplayer-title=\"Dia Mundial da Pneumonia: Luena regista quinze casos por semana\"\n\t\t\t\t\t\tdata-qtmplayer-artist=\"RNA\"\n\t\t\t\t\t\tdata-qtmplayer-link=\"https:\/\/rna.ao\/rna.ao\/2020\/11\/12\/dia-mundial-da-pneumonia-luena-regista-quinze-casos-por-semana\/\"\n\t\t\t\t\t\tdata-qtmplayer-icon=\"file_download\"\n\t\t\t\t\t\tdata-qtmplayer-type=\"track\"\n\t\t\t class=\"qtmplayer-play qtmplayer-link-sec qtmplayer-play-btn\"><i class='material-icons'>play_arrow<\/i><\/span>\n\t\t<p>\n\t\t\t<span class=\"qtmplayer-tit\">Dia Mundial da Pneumonia: Luena regista quinze casos por semana<\/span>\n\t\t\t<span class=\"qtmplayer-art\">RNA<\/span>\n\t\t<\/p>\n\t<\/li>\n\t\t<\/ul>\n\t<\/div>\t\t\t\n\t\n<p>Fonte: RNA &#8211; Jornalista Bonif\u00e1cio Gravante<\/p>\n","protected":false},"excerpt":{"rendered":"<p>O Mundo assinala esta quinta-feira, 12 de Novembro, o Dia da Pneumonia. Por c\u00e1, as autoridades sanit\u00e1rias no Moxico est\u00e3o preocupadas com o aumento de casos, na Cidade do Luena. No Hospital Regional do Luena s\u00e3o registados, semanalmente, entre dez a quinze casos da doen\u00e7a, com as crian\u00e7as e idosos ...<\/p>\n","protected":false},"author":8,"featured_media":11229,"comment_status":"closed","ping_status":"closed","sticky":false,"template":"","format":"standard","meta":[],"categories":[121,163],"tags":[],"_links":{"self":[{"href":"https:\/\/rna.ao\/rna.ao\/wp-json\/wp\/v2\/posts\/11227"}],"collection":[{"href":"https:\/\/rna.ao\/rna.ao\/wp-json\/wp\/v2\/posts"}],"about":[{"href":"https:\/\/rna.ao\/rna.ao\/wp-json\/wp\/v2\/types\/post"}],"author":[{"embeddable":true,"href":"https:\/\/rna.ao\/rna.ao\/wp-json\/wp\/v2\/users\/8"}],"replies":[{"embeddable":true,"href":"https:\/\/rna.ao\/rna.ao\/wp-json\/wp\/v2\/comments?post=11227"}],"version-history":[{"count":1,"href":"https:\/\/rna.ao\/rna.ao\/wp-json\/wp\/v2\/posts\/11227\/revisions"}],"predecessor-version":[{"id":11230,"href":"https:\/\/rna.ao\/rna.ao\/wp-json\/wp\/v2\/posts\/11227\/revisions\/11230"}],"wp:featuredmedia":[{"embeddable":true,"href":"https:\/\/rna.ao\/rna.ao\/wp-json\/wp\/v2\/media\/11229"}],"wp:attachment":[{"href":"https:\/\/rna.ao\/rna.ao\/wp-json\/wp\/v2\/media?parent=11227"}],"wp:term":[{"taxonomy":"category","embeddable":true,"href":"https:\/\/rna.ao\/rna.ao\/wp-json\/wp\/v2\/categories?post=11227"},{"taxonomy":"post_tag","embeddable":true,"href":"https:\/\/rna.ao\/rna.ao\/wp-json\/wp\/v2\/tags?post=11227"}],"curies":[{"name":"wp","href":"https:\/\/api.w.org\/{rel}","templated":true}]}}