{"id":11215,"date":"2020-11-12T05:10:28","date_gmt":"2020-11-12T04:10:28","guid":{"rendered":"https:\/\/rna.ao\/rna.ao\/?p=11215"},"modified":"2020-11-12T06:15:03","modified_gmt":"2020-11-12T05:15:03","slug":"hotel-intercontinental-vai-praticar-precos-justos-e-acessiveis","status":"publish","type":"post","link":"https:\/\/rna.ao\/rna.ao\/2020\/11\/12\/hotel-intercontinental-vai-praticar-precos-justos-e-acessiveis\/","title":{"rendered":"Hotel Intercontinental vai praticar pre\u00e7os justos e acess\u00edveis"},"content":{"rendered":"<p><img loading=\"lazy\" class=\"size-full wp-image-11217 alignleft\" src=\"https:\/\/rna.ao\/rna.ao\/wp-content\/uploads\/2020\/11\/Hotel-Intercontinental-1.jpg\" alt=\"\" width=\"404\" height=\"270\" \/><\/p>\n<p>O Intercontinental Luanda-Miramar \u00e9 o primeiro Hotel desta cadeia, na capital angolana. Com 24 andares, cinco estrelas e design inspirado no diamante, o Intercontinental tem 377 quartos, 5 restaurantes, salas de reuni\u00e3o, de banquetes e de festas, com capacidade de 630 lugares.<\/p>\n<p>O Hotel tem ainda um spa, gin\u00e1sio, piscina, sal\u00e3o de beleza e casino, com uma privilegiada vista panor\u00e2mica da Ba\u00eda de Luanda, e arredores da cidade.<\/p>\n<p>O director do Hotel, Nuno Neves, disse quarta-feira, 11\/11, em Luanda, \u00e0 RNA, que v\u00e3o praticar pre\u00e7os justos e acess\u00edveis ao clientes. Clique no \u00e1udio, e ou\u00e7a:<\/p>\n\t<div class=\"qtmplayer-playlist-large\">\n\t\t<ul class=\"qtmplayer-playlist\">\n\t\t\t\n\t\t\t\t\t<li class=\"qtmplayer-trackitem\">\n\t\t<img src=\"https:\/\/rna.ao\/rna.ao\/wp-content\/uploads\/2020\/11\/Hotel-Intercontinental-100x100.jpg\" alt=\"cover\">\t\t<span \t\t\tdata-qtmplayer-cover=\"https:\/\/rna.ao\/rna.ao\/wp-content\/uploads\/2020\/11\/Hotel-Intercontinental.jpg\"\n\t\t\t\t\t\tdata-qtmplayer-file=\"https:\/\/rna.ao\/rna.ao\/wp-content\/uploads\/2020\/11\/NUNO-NEVES-PRECOS-hOTEL.mp3\"\n\t\t\t\t\t\tdata-qtmplayer-title=\"Hotel Intercontinental vai praticar pre\u00e7os justos e acess\u00edveis\"\n\t\t\t\t\t\tdata-qtmplayer-artist=\"RNA\"\n\t\t\t\t\t\tdata-qtmplayer-link=\"https:\/\/rna.ao\/rna.ao\/2020\/11\/12\/hotel-intercontinental-vai-praticar-precos-justos-e-acessiveis\/\"\n\t\t\t\t\t\tdata-qtmplayer-icon=\"file_download\"\n\t\t\t\t\t\tdata-qtmplayer-type=\"track\"\n\t\t\t class=\"qtmplayer-play qtmplayer-link-sec qtmplayer-play-btn\"><i class='material-icons'>play_arrow<\/i><\/span>\n\t\t<p>\n\t\t\t<span class=\"qtmplayer-tit\">Hotel Intercontinental vai praticar pre\u00e7os justos e acess\u00edveis<\/span>\n\t\t\t<span class=\"qtmplayer-art\">RNA<\/span>\n\t\t<\/p>\n\t<\/li>\n\t\t<\/ul>\n\t<\/div>\t\t\t\n\t\n<p>Fonte: RNA<\/p>\n","protected":false},"excerpt":{"rendered":"<p>O Intercontinental Luanda-Miramar \u00e9 o primeiro Hotel desta cadeia, na capital angolana. Com 24 andares, cinco estrelas e design inspirado no diamante, o Intercontinental tem 377 quartos, 5 restaurantes, salas de reuni\u00e3o, de banquetes e de festas, com capacidade de 630 lugares. O Hotel tem ainda um spa, gin\u00e1sio, piscina, ...<\/p>\n","protected":false},"author":8,"featured_media":11219,"comment_status":"closed","ping_status":"closed","sticky":false,"template":"","format":"standard","meta":[],"categories":[121,164],"tags":[],"_links":{"self":[{"href":"https:\/\/rna.ao\/rna.ao\/wp-json\/wp\/v2\/posts\/11215"}],"collection":[{"href":"https:\/\/rna.ao\/rna.ao\/wp-json\/wp\/v2\/posts"}],"about":[{"href":"https:\/\/rna.ao\/rna.ao\/wp-json\/wp\/v2\/types\/post"}],"author":[{"embeddable":true,"href":"https:\/\/rna.ao\/rna.ao\/wp-json\/wp\/v2\/users\/8"}],"replies":[{"embeddable":true,"href":"https:\/\/rna.ao\/rna.ao\/wp-json\/wp\/v2\/comments?post=11215"}],"version-history":[{"count":2,"href":"https:\/\/rna.ao\/rna.ao\/wp-json\/wp\/v2\/posts\/11215\/revisions"}],"predecessor-version":[{"id":11222,"href":"https:\/\/rna.ao\/rna.ao\/wp-json\/wp\/v2\/posts\/11215\/revisions\/11222"}],"wp:featuredmedia":[{"embeddable":true,"href":"https:\/\/rna.ao\/rna.ao\/wp-json\/wp\/v2\/media\/11219"}],"wp:attachment":[{"href":"https:\/\/rna.ao\/rna.ao\/wp-json\/wp\/v2\/media?parent=11215"}],"wp:term":[{"taxonomy":"category","embeddable":true,"href":"https:\/\/rna.ao\/rna.ao\/wp-json\/wp\/v2\/categories?post=11215"},{"taxonomy":"post_tag","embeddable":true,"href":"https:\/\/rna.ao\/rna.ao\/wp-json\/wp\/v2\/tags?post=11215"}],"curies":[{"name":"wp","href":"https:\/\/api.w.org\/{rel}","templated":true}]}}