{"id":112128,"date":"2023-08-08T07:19:27","date_gmt":"2023-08-08T06:19:27","guid":{"rendered":"https:\/\/rna.ao\/rna.ao\/?p=112128"},"modified":"2023-08-08T07:19:27","modified_gmt":"2023-08-08T06:19:27","slug":"ministerio-da-saude-admite-pagamento-indevido-dos-subsidios-da-covid-19","status":"publish","type":"post","link":"https:\/\/rna.ao\/rna.ao\/2023\/08\/08\/ministerio-da-saude-admite-pagamento-indevido-dos-subsidios-da-covid-19\/","title":{"rendered":"Minist\u00e9rio da Sa\u00fade admite pagamento indevido dos subs\u00eddios da Covid-19"},"content":{"rendered":"<p><img loading=\"lazy\" class=\" wp-image-111123 aligncenter\" src=\"https:\/\/rna.ao\/rna.ao\/wp-content\/uploads\/2023\/07\/silvia-lutucuta-.jpg\" alt=\"\" width=\"805\" height=\"536\" \/>O pagamento dos subs\u00eddios da Covid-19, aos enfermeiros, \u00e9 uma das reclama\u00e7\u00f5es que consta do Caderno Reivindicativo da classe.<\/p>\n<p>O assunto voltou a juntar segunda-feira, 07\/08, \u00e0 mesma mesa, o Minist\u00e9rio da Sa\u00fade, o Sindicato dos Enfermeiros, o Minist\u00e9rio das Finan\u00e7as e o MAPTESS.<\/p>\n<p>No final do encontro, a Ministra da Sa\u00fade esclareceu que o pagamento destes subs\u00eddios est\u00e1 dependente de um trabalho de fiscaliza\u00e7\u00e3o, que est\u00e1 a ser feito pelo IGAE.<\/p>\n<p>S\u00edlvia Lutukuta reconhece que houve irregularidades no pagamento destes subs\u00eddios, e quem recebeu de forma indevida ter\u00e1 de devolver. Clique no \u00e1udio e ou\u00e7a:<\/p>\n\t<div class=\"qtmplayer-playlist-large\">\n\t\t<ul class=\"qtmplayer-playlist\">\n\t\t\t\n\t\t\t\t\t<li class=\"qtmplayer-trackitem\">\n\t\t<img src=\"https:\/\/rna.ao\/rna.ao\/wp-content\/uploads\/2023\/07\/silvia-lutucuta--100x100.jpg\" alt=\"cover\">\t\t<span \t\t\tdata-qtmplayer-cover=\"https:\/\/rna.ao\/rna.ao\/wp-content\/uploads\/2023\/07\/silvia-lutucuta--370x370.jpg\"\n\t\t\t\t\t\tdata-qtmplayer-file=\"https:\/\/rna.ao\/rna.ao\/wp-content\/uploads\/2023\/08\/SILVIA-LUTUKUTA-1-07-HRS.mp3\"\n\t\t\t\t\t\tdata-qtmplayer-title=\"Minist\u00e9rio da Sa\u00fade admite pagamento indevido dos subs\u00eddios da Covid-19\"\n\t\t\t\t\t\tdata-qtmplayer-artist=\"RNA\"\n\t\t\t\t\t\tdata-qtmplayer-link=\"https:\/\/rna.ao\/rna.ao\/2023\/08\/08\/ministerio-da-saude-admite-pagamento-indevido-dos-subsidios-da-covid-19\/\"\n\t\t\t\t\t\tdata-qtmplayer-icon=\"file_download\"\n\t\t\t\t\t\tdata-qtmplayer-type=\"track\"\n\t\t\t class=\"qtmplayer-play qtmplayer-link-sec qtmplayer-play-btn\"><i class='material-icons'>play_arrow<\/i><\/span>\n\t\t<p>\n\t\t\t<span class=\"qtmplayer-tit\">Minist\u00e9rio da Sa\u00fade admite pagamento indevido dos subs\u00eddios da Covid-19<\/span>\n\t\t\t<span class=\"qtmplayer-art\">RNA<\/span>\n\t\t<\/p>\n\t<\/li>\n\t\t<\/ul>\n\t<\/div>\t\t\t\n\t\n<p>Quanto ao incremento do sal\u00e1rio base dos enfermeiros, a Ministra da Sa\u00fade reconheceu que este \u00e9 ainda um ponto fracturante nas negocia\u00e7\u00f5es entre o Executivo e o Sindicato, mas fala em alternativas que geram algum consenso entre as partes. Clique no \u00e1udio e ou\u00e7a:<\/p>\n\t<div class=\"qtmplayer-playlist-large\">\n\t\t<ul class=\"qtmplayer-playlist\">\n\t\t\t\n\t\t\t\t\t<li class=\"qtmplayer-trackitem\">\n\t\t<img src=\"https:\/\/rna.ao\/rna.ao\/wp-content\/uploads\/2023\/07\/silvia-lutucuta--100x100.jpg\" alt=\"cover\">\t\t<span \t\t\tdata-qtmplayer-cover=\"https:\/\/rna.ao\/rna.ao\/wp-content\/uploads\/2023\/07\/silvia-lutucuta--370x370.jpg\"\n\t\t\t\t\t\tdata-qtmplayer-file=\"https:\/\/rna.ao\/rna.ao\/wp-content\/uploads\/2023\/08\/SILVIA-LUTUKUTA-2-07-HRS.mp3\"\n\t\t\t\t\t\tdata-qtmplayer-title=\"Minist\u00e9rio da Sa\u00fade admite pagamento indevido dos subs\u00eddios da Covid-19\"\n\t\t\t\t\t\tdata-qtmplayer-artist=\"RNA\"\n\t\t\t\t\t\tdata-qtmplayer-link=\"https:\/\/rna.ao\/rna.ao\/2023\/08\/08\/ministerio-da-saude-admite-pagamento-indevido-dos-subsidios-da-covid-19\/\"\n\t\t\t\t\t\tdata-qtmplayer-icon=\"file_download\"\n\t\t\t\t\t\tdata-qtmplayer-type=\"track\"\n\t\t\t class=\"qtmplayer-play qtmplayer-link-sec qtmplayer-play-btn\"><i class='material-icons'>play_arrow<\/i><\/span>\n\t\t<p>\n\t\t\t<span class=\"qtmplayer-tit\">Minist\u00e9rio da Sa\u00fade admite pagamento indevido dos subs\u00eddios da Covid-19<\/span>\n\t\t\t<span class=\"qtmplayer-art\">RNA<\/span>\n\t\t<\/p>\n\t<\/li>\n\t\t<\/ul>\n\t<\/div>\t\t\t\n\t\n<p>E Cruz Mateta, Secret\u00e1rio Nacional dos Enfermeiros de Angola, fala das principais reclama\u00e7\u00f5es dos profissionais, e diz que a classe continua a defender a via do di\u00e1logo. Clique no \u00e1udio e ou\u00e7a:<\/p>\n\t<div class=\"qtmplayer-playlist-large\">\n\t\t<ul class=\"qtmplayer-playlist\">\n\t\t\t\n\t\t\t\t\t<li class=\"qtmplayer-trackitem\">\n\t\t<img src=\"https:\/\/rna.ao\/rna.ao\/wp-content\/uploads\/2023\/07\/silvia-lutucuta--100x100.jpg\" alt=\"cover\">\t\t<span \t\t\tdata-qtmplayer-cover=\"https:\/\/rna.ao\/rna.ao\/wp-content\/uploads\/2023\/07\/silvia-lutucuta--370x370.jpg\"\n\t\t\t\t\t\tdata-qtmplayer-file=\"https:\/\/rna.ao\/rna.ao\/wp-content\/uploads\/2023\/08\/CRUZ-MATETA-07-HRS.mp3\"\n\t\t\t\t\t\tdata-qtmplayer-title=\"Minist\u00e9rio da Sa\u00fade admite pagamento indevido dos subs\u00eddios da Covid-19\"\n\t\t\t\t\t\tdata-qtmplayer-artist=\"RNA\"\n\t\t\t\t\t\tdata-qtmplayer-link=\"https:\/\/rna.ao\/rna.ao\/2023\/08\/08\/ministerio-da-saude-admite-pagamento-indevido-dos-subsidios-da-covid-19\/\"\n\t\t\t\t\t\tdata-qtmplayer-icon=\"file_download\"\n\t\t\t\t\t\tdata-qtmplayer-type=\"track\"\n\t\t\t class=\"qtmplayer-play qtmplayer-link-sec qtmplayer-play-btn\"><i class='material-icons'>play_arrow<\/i><\/span>\n\t\t<p>\n\t\t\t<span class=\"qtmplayer-tit\">Minist\u00e9rio da Sa\u00fade admite pagamento indevido dos subs\u00eddios da Covid-19<\/span>\n\t\t\t<span class=\"qtmplayer-art\">RNA<\/span>\n\t\t<\/p>\n\t<\/li>\n\t\t<\/ul>\n\t<\/div>\t\t\t\n\t\n<p>Fonte: RNA<\/p>\n<p>&nbsp;<\/p>\n","protected":false},"excerpt":{"rendered":"<p>O pagamento dos subs\u00eddios da Covid-19, aos enfermeiros, \u00e9 uma das reclama\u00e7\u00f5es que consta do Caderno Reivindicativo da classe. O assunto voltou a juntar segunda-feira, 07\/08, \u00e0 mesma mesa, o Minist\u00e9rio da Sa\u00fade, o Sindicato dos Enfermeiros, o Minist\u00e9rio das Finan\u00e7as e o MAPTESS. No final do encontro, a Ministra ...<\/p>\n","protected":false},"author":8,"featured_media":111123,"comment_status":"closed","ping_status":"closed","sticky":false,"template":"","format":"standard","meta":[],"categories":[142,121,164,163],"tags":[],"_links":{"self":[{"href":"https:\/\/rna.ao\/rna.ao\/wp-json\/wp\/v2\/posts\/112128"}],"collection":[{"href":"https:\/\/rna.ao\/rna.ao\/wp-json\/wp\/v2\/posts"}],"about":[{"href":"https:\/\/rna.ao\/rna.ao\/wp-json\/wp\/v2\/types\/post"}],"author":[{"embeddable":true,"href":"https:\/\/rna.ao\/rna.ao\/wp-json\/wp\/v2\/users\/8"}],"replies":[{"embeddable":true,"href":"https:\/\/rna.ao\/rna.ao\/wp-json\/wp\/v2\/comments?post=112128"}],"version-history":[{"count":1,"href":"https:\/\/rna.ao\/rna.ao\/wp-json\/wp\/v2\/posts\/112128\/revisions"}],"predecessor-version":[{"id":112133,"href":"https:\/\/rna.ao\/rna.ao\/wp-json\/wp\/v2\/posts\/112128\/revisions\/112133"}],"wp:featuredmedia":[{"embeddable":true,"href":"https:\/\/rna.ao\/rna.ao\/wp-json\/wp\/v2\/media\/111123"}],"wp:attachment":[{"href":"https:\/\/rna.ao\/rna.ao\/wp-json\/wp\/v2\/media?parent=112128"}],"wp:term":[{"taxonomy":"category","embeddable":true,"href":"https:\/\/rna.ao\/rna.ao\/wp-json\/wp\/v2\/categories?post=112128"},{"taxonomy":"post_tag","embeddable":true,"href":"https:\/\/rna.ao\/rna.ao\/wp-json\/wp\/v2\/tags?post=112128"}],"curies":[{"name":"wp","href":"https:\/\/api.w.org\/{rel}","templated":true}]}}