{"id":11207,"date":"2020-11-12T05:19:20","date_gmt":"2020-11-12T04:19:20","guid":{"rendered":"https:\/\/rna.ao\/rna.ao\/?p=11207"},"modified":"2020-11-12T05:19:20","modified_gmt":"2020-11-12T04:19:20","slug":"executivo-garante-continuidade-na-recuperacao-de-activos-do-estado","status":"publish","type":"post","link":"https:\/\/rna.ao\/rna.ao\/2020\/11\/12\/executivo-garante-continuidade-na-recuperacao-de-activos-do-estado\/","title":{"rendered":"Executivo garante continuidade na recupera\u00e7\u00e3o de activos do Estado"},"content":{"rendered":"<p><img loading=\"lazy\" class=\"size-full wp-image-11175 alignleft\" src=\"https:\/\/rna.ao\/rna.ao\/wp-content\/uploads\/2020\/11\/PR-Hotel2.jpg\" alt=\"\" width=\"256\" height=\"171\" \/><\/p>\n<p>O Presidente da Rep\u00fablica, Jo\u00e3o Louren\u00e7o, garantiu continuidade na recupera\u00e7\u00e3o dos activos do Estado, em posse de privados.<\/p>\n<p>O Chefe de Estado garantiu tal facto na quarta-feira, 11\/11, em Luanda, momentos depois da inaugura\u00e7\u00e3o do Hotel Intercontinental, sito no Miramar, no \u00e2mbito dos 45 anos de independ\u00eancia nacional. Clique no \u00e1udio, em baixo, e ou\u00e7a:<\/p>\n\t<div class=\"qtmplayer-playlist-large\">\n\t\t<ul class=\"qtmplayer-playlist\">\n\t\t\t\n\t\t\t\t\t<li class=\"qtmplayer-trackitem\">\n\t\t<img src=\"https:\/\/rna.ao\/rna.ao\/wp-content\/uploads\/2020\/11\/JLO-JLO-JLO-2-100x100.jpg\" alt=\"cover\">\t\t<span \t\t\tdata-qtmplayer-cover=\"https:\/\/rna.ao\/rna.ao\/wp-content\/uploads\/2020\/11\/JLO-JLO-JLO-2.jpg\"\n\t\t\t\t\t\tdata-qtmplayer-file=\"https:\/\/rna.ao\/rna.ao\/wp-content\/uploads\/2020\/11\/JOAO-LOURENCO-RECUPERACAO-A.mp3\"\n\t\t\t\t\t\tdata-qtmplayer-title=\"Executivo garante continuidade na recupera\u00e7\u00e3o de activos do Estado\"\n\t\t\t\t\t\tdata-qtmplayer-artist=\"RNA\"\n\t\t\t\t\t\tdata-qtmplayer-link=\"https:\/\/rna.ao\/rna.ao\/2020\/11\/12\/executivo-garante-continuidade-na-recuperacao-de-activos-do-estado\/\"\n\t\t\t\t\t\tdata-qtmplayer-icon=\"file_download\"\n\t\t\t\t\t\tdata-qtmplayer-type=\"track\"\n\t\t\t class=\"qtmplayer-play qtmplayer-link-sec qtmplayer-play-btn\"><i class='material-icons'>play_arrow<\/i><\/span>\n\t\t<p>\n\t\t\t<span class=\"qtmplayer-tit\">Executivo garante continuidade na recupera\u00e7\u00e3o de activos do Estado<\/span>\n\t\t\t<span class=\"qtmplayer-art\">RNA<\/span>\n\t\t<\/p>\n\t<\/li>\n\t\t<\/ul>\n\t<\/div>\t\t\t\n\t\n<p>Fonte: RNA<\/p>\n","protected":false},"excerpt":{"rendered":"<p>O Presidente da Rep\u00fablica, Jo\u00e3o Louren\u00e7o, garantiu continuidade na recupera\u00e7\u00e3o dos activos do Estado, em posse de privados. O Chefe de Estado garantiu tal facto na quarta-feira, 11\/11, em Luanda, momentos depois da inaugura\u00e7\u00e3o do Hotel Intercontinental, sito no Miramar, no \u00e2mbito dos 45 anos de independ\u00eancia nacional. Clique no ...<\/p>\n","protected":false},"author":8,"featured_media":11139,"comment_status":"closed","ping_status":"closed","sticky":false,"template":"","format":"standard","meta":[],"categories":[142,164],"tags":[],"_links":{"self":[{"href":"https:\/\/rna.ao\/rna.ao\/wp-json\/wp\/v2\/posts\/11207"}],"collection":[{"href":"https:\/\/rna.ao\/rna.ao\/wp-json\/wp\/v2\/posts"}],"about":[{"href":"https:\/\/rna.ao\/rna.ao\/wp-json\/wp\/v2\/types\/post"}],"author":[{"embeddable":true,"href":"https:\/\/rna.ao\/rna.ao\/wp-json\/wp\/v2\/users\/8"}],"replies":[{"embeddable":true,"href":"https:\/\/rna.ao\/rna.ao\/wp-json\/wp\/v2\/comments?post=11207"}],"version-history":[{"count":1,"href":"https:\/\/rna.ao\/rna.ao\/wp-json\/wp\/v2\/posts\/11207\/revisions"}],"predecessor-version":[{"id":11209,"href":"https:\/\/rna.ao\/rna.ao\/wp-json\/wp\/v2\/posts\/11207\/revisions\/11209"}],"wp:featuredmedia":[{"embeddable":true,"href":"https:\/\/rna.ao\/rna.ao\/wp-json\/wp\/v2\/media\/11139"}],"wp:attachment":[{"href":"https:\/\/rna.ao\/rna.ao\/wp-json\/wp\/v2\/media?parent=11207"}],"wp:term":[{"taxonomy":"category","embeddable":true,"href":"https:\/\/rna.ao\/rna.ao\/wp-json\/wp\/v2\/categories?post=11207"},{"taxonomy":"post_tag","embeddable":true,"href":"https:\/\/rna.ao\/rna.ao\/wp-json\/wp\/v2\/tags?post=11207"}],"curies":[{"name":"wp","href":"https:\/\/api.w.org\/{rel}","templated":true}]}}