{"id":11203,"date":"2020-11-12T05:13:45","date_gmt":"2020-11-12T04:13:45","guid":{"rendered":"https:\/\/rna.ao\/rna.ao\/?p=11203"},"modified":"2020-11-12T05:50:46","modified_gmt":"2020-11-12T04:50:46","slug":"governo-vai-formar-20-mil-jovens-empreendedores-em-todo-pais","status":"publish","type":"post","link":"https:\/\/rna.ao\/rna.ao\/2020\/11\/12\/governo-vai-formar-20-mil-jovens-empreendedores-em-todo-pais\/","title":{"rendered":"Governo vai formar 20 mil jovens empreendedores em todo pa\u00eds"},"content":{"rendered":"<p><img loading=\"lazy\" class=\"size-full wp-image-11205 alignleft\" src=\"https:\/\/rna.ao\/rna.ao\/wp-content\/uploads\/2020\/11\/inapem.jpg\" alt=\"\" width=\"270\" height=\"180\" \/><\/p>\n<p>Um projecto de \u00e2mbito nacional foi implementado, para formar vinte mil jovens, em mat\u00e9ria de empreendedorismo, at\u00e9 2022, numa iniciativa do Governo.<\/p>\n<p>A iniciativa foi sublinhada e aplaudida, pela juventude de partidos com assento parlamentar.<\/p>\n<p>O Minist\u00e9rio da Juventude e Desportos e o Inapem assinaram quarta-feira, 11\/11, em Luanda, um protocolo para este prop\u00f3sito. Clique no \u00e1udio, em baixo, e saiba mais na reportagem:<\/p>\n\t<div class=\"qtmplayer-playlist-large\">\n\t\t<ul class=\"qtmplayer-playlist\">\n\t\t\t\n\t\t\t\t\t<li class=\"qtmplayer-trackitem\">\n\t\t<img src=\"https:\/\/rna.ao\/rna.ao\/wp-content\/uploads\/2020\/11\/inapem-100x100.jpg\" alt=\"cover\">\t\t<span \t\t\tdata-qtmplayer-cover=\"https:\/\/rna.ao\/rna.ao\/wp-content\/uploads\/2020\/11\/inapem.jpg\"\n\t\t\t\t\t\tdata-qtmplayer-file=\"https:\/\/rna.ao\/rna.ao\/wp-content\/uploads\/2020\/11\/POLACO-PEDRO-FORMACAO-JUVENTUDE.mp3\"\n\t\t\t\t\t\tdata-qtmplayer-title=\"Governo vai formar 20 mil jovens empreendedores em todo pa\u00eds\"\n\t\t\t\t\t\tdata-qtmplayer-artist=\"RNA\"\n\t\t\t\t\t\tdata-qtmplayer-link=\"https:\/\/rna.ao\/rna.ao\/2020\/11\/12\/governo-vai-formar-20-mil-jovens-empreendedores-em-todo-pais\/\"\n\t\t\t\t\t\tdata-qtmplayer-icon=\"file_download\"\n\t\t\t\t\t\tdata-qtmplayer-type=\"track\"\n\t\t\t class=\"qtmplayer-play qtmplayer-link-sec qtmplayer-play-btn\"><i class='material-icons'>play_arrow<\/i><\/span>\n\t\t<p>\n\t\t\t<span class=\"qtmplayer-tit\">Governo vai formar 20 mil jovens empreendedores em todo pa\u00eds<\/span>\n\t\t\t<span class=\"qtmplayer-art\">RNA<\/span>\n\t\t<\/p>\n\t<\/li>\n\t\t<\/ul>\n\t<\/div>\t\t\t\n\t\n<p>Fonte: RNA \u2013 Jornalista Polaco Pedro<\/p>\n","protected":false},"excerpt":{"rendered":"<p>Um projecto de \u00e2mbito nacional foi implementado, para formar vinte mil jovens, em mat\u00e9ria de empreendedorismo, at\u00e9 2022, numa iniciativa do Governo. A iniciativa foi sublinhada e aplaudida, pela juventude de partidos com assento parlamentar. O Minist\u00e9rio da Juventude e Desportos e o Inapem assinaram quarta-feira, 11\/11, em Luanda, um ...<\/p>\n","protected":false},"author":8,"featured_media":11205,"comment_status":"closed","ping_status":"closed","sticky":false,"template":"","format":"standard","meta":[],"categories":[142,163],"tags":[],"_links":{"self":[{"href":"https:\/\/rna.ao\/rna.ao\/wp-json\/wp\/v2\/posts\/11203"}],"collection":[{"href":"https:\/\/rna.ao\/rna.ao\/wp-json\/wp\/v2\/posts"}],"about":[{"href":"https:\/\/rna.ao\/rna.ao\/wp-json\/wp\/v2\/types\/post"}],"author":[{"embeddable":true,"href":"https:\/\/rna.ao\/rna.ao\/wp-json\/wp\/v2\/users\/8"}],"replies":[{"embeddable":true,"href":"https:\/\/rna.ao\/rna.ao\/wp-json\/wp\/v2\/comments?post=11203"}],"version-history":[{"count":1,"href":"https:\/\/rna.ao\/rna.ao\/wp-json\/wp\/v2\/posts\/11203\/revisions"}],"predecessor-version":[{"id":11206,"href":"https:\/\/rna.ao\/rna.ao\/wp-json\/wp\/v2\/posts\/11203\/revisions\/11206"}],"wp:featuredmedia":[{"embeddable":true,"href":"https:\/\/rna.ao\/rna.ao\/wp-json\/wp\/v2\/media\/11205"}],"wp:attachment":[{"href":"https:\/\/rna.ao\/rna.ao\/wp-json\/wp\/v2\/media?parent=11203"}],"wp:term":[{"taxonomy":"category","embeddable":true,"href":"https:\/\/rna.ao\/rna.ao\/wp-json\/wp\/v2\/categories?post=11203"},{"taxonomy":"post_tag","embeddable":true,"href":"https:\/\/rna.ao\/rna.ao\/wp-json\/wp\/v2\/tags?post=11203"}],"curies":[{"name":"wp","href":"https:\/\/api.w.org\/{rel}","templated":true}]}}