{"id":11191,"date":"2020-11-12T04:58:33","date_gmt":"2020-11-12T03:58:33","guid":{"rendered":"https:\/\/rna.ao\/rna.ao\/?p=11191"},"modified":"2020-11-12T04:58:46","modified_gmt":"2020-11-12T03:58:46","slug":"futebol-mateus-galiano-quer-marcar-em-kinshasa","status":"publish","type":"post","link":"https:\/\/rna.ao\/rna.ao\/2020\/11\/12\/futebol-mateus-galiano-quer-marcar-em-kinshasa\/","title":{"rendered":"Futebol: Mateus Galiano quer marcar em Kinshasa"},"content":{"rendered":"<p><img loading=\"lazy\" class=\"size-full wp-image-11193 alignleft\" src=\"https:\/\/rna.ao\/rna.ao\/wp-content\/uploads\/2020\/11\/Mateus-Galiano-1.jpg\" alt=\"\" width=\"248\" height=\"165\" \/><\/p>\n<p>O avan\u00e7ado e capit\u00e3o dos Palancas Negras, Mateus Galiano, est\u00e1 confiante num bom jogo frente a RDC.<\/p>\n<p>Mateus Galiano, que falava sobre o desafio deste s\u00e1bado, 14\/11, diante dos \u201cLeopardos\u201d, garantiu, \u00e0 R\u00e1dio 5, que vai marcar nesta partida. Clique no \u00e1udio, em baixo, e ou\u00e7a:<\/p>\n\t<div class=\"qtmplayer-playlist-large\">\n\t\t<ul class=\"qtmplayer-playlist\">\n\t\t\t\n\t\t\t\t\t<li class=\"qtmplayer-trackitem\">\n\t\t<img src=\"https:\/\/rna.ao\/rna.ao\/wp-content\/uploads\/2020\/11\/Mateus-Galiano-1-100x100.jpg\" alt=\"cover\">\t\t<span \t\t\tdata-qtmplayer-cover=\"https:\/\/rna.ao\/rna.ao\/wp-content\/uploads\/2020\/11\/Mateus-Galiano-1.jpg\"\n\t\t\t\t\t\tdata-qtmplayer-file=\"https:\/\/rna.ao\/rna.ao\/wp-content\/uploads\/2020\/11\/MATEUS-GALIANO.mp3\"\n\t\t\t\t\t\tdata-qtmplayer-title=\"Futebol: Mateus Galiano quer marcar em Kinshasa\"\n\t\t\t\t\t\tdata-qtmplayer-artist=\"RNA\"\n\t\t\t\t\t\tdata-qtmplayer-link=\"https:\/\/rna.ao\/rna.ao\/2020\/11\/12\/futebol-mateus-galiano-quer-marcar-em-kinshasa\/\"\n\t\t\t\t\t\tdata-qtmplayer-icon=\"file_download\"\n\t\t\t\t\t\tdata-qtmplayer-type=\"track\"\n\t\t\t class=\"qtmplayer-play qtmplayer-link-sec qtmplayer-play-btn\"><i class='material-icons'>play_arrow<\/i><\/span>\n\t\t<p>\n\t\t\t<span class=\"qtmplayer-tit\">Futebol: Mateus Galiano quer marcar em Kinshasa<\/span>\n\t\t\t<span class=\"qtmplayer-art\">RNA<\/span>\n\t\t<\/p>\n\t<\/li>\n\t\t<\/ul>\n\t<\/div>\t\t\t\n\t\n<p>Fonte: R\u00e1dio 5\/RNA<\/p>\n","protected":false},"excerpt":{"rendered":"<p>O avan\u00e7ado e capit\u00e3o dos Palancas Negras, Mateus Galiano, est\u00e1 confiante num bom jogo frente a RDC. Mateus Galiano, que falava sobre o desafio deste s\u00e1bado, 14\/11, diante dos \u201cLeopardos\u201d, garantiu, \u00e0 R\u00e1dio 5, que vai marcar nesta partida. Clique no \u00e1udio, em baixo, e ou\u00e7a: Fonte: R\u00e1dio 5\/RNA<\/p>\n","protected":false},"author":8,"featured_media":11193,"comment_status":"closed","ping_status":"closed","sticky":false,"template":"","format":"standard","meta":[],"categories":[145,125],"tags":[],"_links":{"self":[{"href":"https:\/\/rna.ao\/rna.ao\/wp-json\/wp\/v2\/posts\/11191"}],"collection":[{"href":"https:\/\/rna.ao\/rna.ao\/wp-json\/wp\/v2\/posts"}],"about":[{"href":"https:\/\/rna.ao\/rna.ao\/wp-json\/wp\/v2\/types\/post"}],"author":[{"embeddable":true,"href":"https:\/\/rna.ao\/rna.ao\/wp-json\/wp\/v2\/users\/8"}],"replies":[{"embeddable":true,"href":"https:\/\/rna.ao\/rna.ao\/wp-json\/wp\/v2\/comments?post=11191"}],"version-history":[{"count":2,"href":"https:\/\/rna.ao\/rna.ao\/wp-json\/wp\/v2\/posts\/11191\/revisions"}],"predecessor-version":[{"id":11195,"href":"https:\/\/rna.ao\/rna.ao\/wp-json\/wp\/v2\/posts\/11191\/revisions\/11195"}],"wp:featuredmedia":[{"embeddable":true,"href":"https:\/\/rna.ao\/rna.ao\/wp-json\/wp\/v2\/media\/11193"}],"wp:attachment":[{"href":"https:\/\/rna.ao\/rna.ao\/wp-json\/wp\/v2\/media?parent=11191"}],"wp:term":[{"taxonomy":"category","embeddable":true,"href":"https:\/\/rna.ao\/rna.ao\/wp-json\/wp\/v2\/categories?post=11191"},{"taxonomy":"post_tag","embeddable":true,"href":"https:\/\/rna.ao\/rna.ao\/wp-json\/wp\/v2\/tags?post=11191"}],"curies":[{"name":"wp","href":"https:\/\/api.w.org\/{rel}","templated":true}]}}