{"id":11189,"date":"2020-11-12T05:04:49","date_gmt":"2020-11-12T04:04:49","guid":{"rendered":"https:\/\/rna.ao\/rna.ao\/?p=11189"},"modified":"2020-11-12T06:23:11","modified_gmt":"2020-11-12T05:23:11","slug":"futebol-erenilson-confiante-na-conquista-dos-tres-pontos","status":"publish","type":"post","link":"https:\/\/rna.ao\/rna.ao\/2020\/11\/12\/futebol-erenilson-confiante-na-conquista-dos-tres-pontos\/","title":{"rendered":"Futebol: Herenilson confiante na conquista dos tr\u00eas pontos"},"content":{"rendered":"<p><img loading=\"lazy\" class=\"size-full wp-image-11198 alignleft\" src=\"https:\/\/rna.ao\/rna.ao\/wp-content\/uploads\/2020\/11\/HERENILSON-3.jpg\" alt=\"\" width=\"270\" height=\"194\" \/><\/p>\n<p>O m\u00e9dio ofensivo da selec\u00e7\u00e3o angolana de futebol, Herenilson, agora com as cores do 1\u00ba de Agosto, est\u00e1 confiante na conquista dos tr\u00eas pontos diante da RDC.<\/p>\n<p>Falando, \u00e0 R\u00e1dio 5, sobre o duelo com a vizinha RDC, no jogo da primeira m\u00e3o, agendado para este s\u00e1bado, 14\/11, em Kinshasa, Herenilson disse que fisicamente est\u00e1 bem para o desafio. Clique no \u00e1udio, em baixo, e ou\u00e7a:<\/p>\n\t<div class=\"qtmplayer-playlist-large\">\n\t\t<ul class=\"qtmplayer-playlist\">\n\t\t\t\n\t\t\t\t\t<li class=\"qtmplayer-trackitem\">\n\t\t<img src=\"https:\/\/rna.ao\/rna.ao\/wp-content\/uploads\/2020\/11\/HERENILSON-3-100x100.jpg\" alt=\"cover\">\t\t<span \t\t\tdata-qtmplayer-cover=\"https:\/\/rna.ao\/rna.ao\/wp-content\/uploads\/2020\/11\/HERENILSON-3.jpg\"\n\t\t\t\t\t\tdata-qtmplayer-file=\"https:\/\/rna.ao\/rna.ao\/wp-content\/uploads\/2020\/11\/ERENILSON.mp3\"\n\t\t\t\t\t\tdata-qtmplayer-title=\"Futebol: Herenilson confiante na conquista dos tr\u00eas pontos\"\n\t\t\t\t\t\tdata-qtmplayer-artist=\"RNA\"\n\t\t\t\t\t\tdata-qtmplayer-link=\"https:\/\/rna.ao\/rna.ao\/2020\/11\/12\/futebol-erenilson-confiante-na-conquista-dos-tres-pontos\/\"\n\t\t\t\t\t\tdata-qtmplayer-icon=\"file_download\"\n\t\t\t\t\t\tdata-qtmplayer-type=\"track\"\n\t\t\t class=\"qtmplayer-play qtmplayer-link-sec qtmplayer-play-btn\"><i class='material-icons'>play_arrow<\/i><\/span>\n\t\t<p>\n\t\t\t<span class=\"qtmplayer-tit\">Futebol: Herenilson confiante na conquista dos tr\u00eas pontos<\/span>\n\t\t\t<span class=\"qtmplayer-art\">RNA<\/span>\n\t\t<\/p>\n\t<\/li>\n\t\t<\/ul>\n\t<\/div>\t\t\t\n\t\n<p>Fonte: R\u00e1dio 5\/RNA<\/p>\n","protected":false},"excerpt":{"rendered":"<p>O m\u00e9dio ofensivo da selec\u00e7\u00e3o angolana de futebol, Herenilson, agora com as cores do 1\u00ba de Agosto, est\u00e1 confiante na conquista dos tr\u00eas pontos diante da RDC. Falando, \u00e0 R\u00e1dio 5, sobre o duelo com a vizinha RDC, no jogo da primeira m\u00e3o, agendado para este s\u00e1bado, 14\/11, em Kinshasa, ...<\/p>\n","protected":false},"author":8,"featured_media":11198,"comment_status":"closed","ping_status":"closed","sticky":false,"template":"","format":"standard","meta":[],"categories":[145,125,164],"tags":[],"_links":{"self":[{"href":"https:\/\/rna.ao\/rna.ao\/wp-json\/wp\/v2\/posts\/11189"}],"collection":[{"href":"https:\/\/rna.ao\/rna.ao\/wp-json\/wp\/v2\/posts"}],"about":[{"href":"https:\/\/rna.ao\/rna.ao\/wp-json\/wp\/v2\/types\/post"}],"author":[{"embeddable":true,"href":"https:\/\/rna.ao\/rna.ao\/wp-json\/wp\/v2\/users\/8"}],"replies":[{"embeddable":true,"href":"https:\/\/rna.ao\/rna.ao\/wp-json\/wp\/v2\/comments?post=11189"}],"version-history":[{"count":2,"href":"https:\/\/rna.ao\/rna.ao\/wp-json\/wp\/v2\/posts\/11189\/revisions"}],"predecessor-version":[{"id":11223,"href":"https:\/\/rna.ao\/rna.ao\/wp-json\/wp\/v2\/posts\/11189\/revisions\/11223"}],"wp:featuredmedia":[{"embeddable":true,"href":"https:\/\/rna.ao\/rna.ao\/wp-json\/wp\/v2\/media\/11198"}],"wp:attachment":[{"href":"https:\/\/rna.ao\/rna.ao\/wp-json\/wp\/v2\/media?parent=11189"}],"wp:term":[{"taxonomy":"category","embeddable":true,"href":"https:\/\/rna.ao\/rna.ao\/wp-json\/wp\/v2\/categories?post=11189"},{"taxonomy":"post_tag","embeddable":true,"href":"https:\/\/rna.ao\/rna.ao\/wp-json\/wp\/v2\/tags?post=11189"}],"curies":[{"name":"wp","href":"https:\/\/api.w.org\/{rel}","templated":true}]}}