{"id":11184,"date":"2020-11-12T04:42:50","date_gmt":"2020-11-12T03:42:50","guid":{"rendered":"https:\/\/rna.ao\/rna.ao\/?p=11184"},"modified":"2020-11-12T06:26:09","modified_gmt":"2020-11-12T05:26:09","slug":"futebol-internacionais-bakambu-e-mbemba-reforcam-leopardo","status":"publish","type":"post","link":"https:\/\/rna.ao\/rna.ao\/2020\/11\/12\/futebol-internacionais-bakambu-e-mbemba-reforcam-leopardo\/","title":{"rendered":"Futebol: Internacionais Bakambu e Mbemba refor\u00e7am \u201cLeopardos\u201d"},"content":{"rendered":"<p><img loading=\"lazy\" class=\"alignnone  wp-image-11186\" src=\"https:\/\/rna.ao\/rna.ao\/wp-content\/uploads\/2020\/11\/Chancel-Mbemba.jpg\" alt=\"\" width=\"296\" height=\"179\" \/><img loading=\"lazy\" class=\"alignnone  wp-image-11187\" src=\"https:\/\/rna.ao\/rna.ao\/wp-content\/uploads\/2020\/11\/cedric-bakambu.jpg\" alt=\"\" width=\"315\" height=\"177\" \/><\/p>\n<p>Os \u201cLeopardos\u201d do Congo Democr\u00e1tico t\u00eam j\u00e1 garantidos, no seu plantel, a integra\u00e7\u00e3o do avan\u00e7ado C\u00e9dric Bakambu, do China Guan, e o defesa Chancel Mbemba, que actua no FC do Porto.<\/p>\n<p>Estes jogadores est\u00e3o garantidos para refor\u00e7ar a selec\u00e7\u00e3o congolesa, com Chancel Mbemba a juntar-se esta quinta-feira, 12\/11, \u00e0 equipa. Clique no \u00e1udio, em baixo, e saiba mais na reportagem:<\/p>\n\t<div class=\"qtmplayer-playlist-large\">\n\t\t<ul class=\"qtmplayer-playlist\">\n\t\t\t\n\t\t\t\t\t<li class=\"qtmplayer-trackitem\">\n\t\t<img src=\"https:\/\/rna.ao\/rna.ao\/wp-content\/uploads\/2020\/11\/Chancel-Mbemba-100x100.jpg\" alt=\"cover\">\t\t<span \t\t\tdata-qtmplayer-cover=\"https:\/\/rna.ao\/rna.ao\/wp-content\/uploads\/2020\/11\/Chancel-Mbemba.jpg\"\n\t\t\t\t\t\tdata-qtmplayer-file=\"https:\/\/rna.ao\/rna.ao\/wp-content\/uploads\/2020\/11\/GABRIEL-VELOSO.mp3\"\n\t\t\t\t\t\tdata-qtmplayer-title=\"Futebol: Internacionais Bakambu e Mbemba refor\u00e7am \u201cLeopardos\u201d\"\n\t\t\t\t\t\tdata-qtmplayer-artist=\"RNA\"\n\t\t\t\t\t\tdata-qtmplayer-link=\"https:\/\/rna.ao\/rna.ao\/2020\/11\/12\/futebol-internacionais-bakambu-e-mbemba-reforcam-leopardo\/\"\n\t\t\t\t\t\tdata-qtmplayer-icon=\"file_download\"\n\t\t\t\t\t\tdata-qtmplayer-type=\"track\"\n\t\t\t class=\"qtmplayer-play qtmplayer-link-sec qtmplayer-play-btn\"><i class='material-icons'>play_arrow<\/i><\/span>\n\t\t<p>\n\t\t\t<span class=\"qtmplayer-tit\">Futebol: Internacionais Bakambu e Mbemba refor\u00e7am \u201cLeopardos\u201d<\/span>\n\t\t\t<span class=\"qtmplayer-art\">RNA<\/span>\n\t\t<\/p>\n\t<\/li>\n\t\t<\/ul>\n\t<\/div>\t\t\t\n\t\n<p>Fonte: R\u00e1dio 5\/RNA &#8211; Jornalista Gabriel Veloso<\/p>\n","protected":false},"excerpt":{"rendered":"<p>Os \u201cLeopardos\u201d do Congo Democr\u00e1tico t\u00eam j\u00e1 garantidos, no seu plantel, a integra\u00e7\u00e3o do avan\u00e7ado C\u00e9dric Bakambu, do China Guan, e o defesa Chancel Mbemba, que actua no FC do Porto. Estes jogadores est\u00e3o garantidos para refor\u00e7ar a selec\u00e7\u00e3o congolesa, com Chancel Mbemba a juntar-se esta quinta-feira, 12\/11, \u00e0 equipa. ...<\/p>\n","protected":false},"author":8,"featured_media":11186,"comment_status":"closed","ping_status":"closed","sticky":false,"template":"","format":"standard","meta":[],"categories":[145,125],"tags":[],"_links":{"self":[{"href":"https:\/\/rna.ao\/rna.ao\/wp-json\/wp\/v2\/posts\/11184"}],"collection":[{"href":"https:\/\/rna.ao\/rna.ao\/wp-json\/wp\/v2\/posts"}],"about":[{"href":"https:\/\/rna.ao\/rna.ao\/wp-json\/wp\/v2\/types\/post"}],"author":[{"embeddable":true,"href":"https:\/\/rna.ao\/rna.ao\/wp-json\/wp\/v2\/users\/8"}],"replies":[{"embeddable":true,"href":"https:\/\/rna.ao\/rna.ao\/wp-json\/wp\/v2\/comments?post=11184"}],"version-history":[{"count":3,"href":"https:\/\/rna.ao\/rna.ao\/wp-json\/wp\/v2\/posts\/11184\/revisions"}],"predecessor-version":[{"id":11224,"href":"https:\/\/rna.ao\/rna.ao\/wp-json\/wp\/v2\/posts\/11184\/revisions\/11224"}],"wp:featuredmedia":[{"embeddable":true,"href":"https:\/\/rna.ao\/rna.ao\/wp-json\/wp\/v2\/media\/11186"}],"wp:attachment":[{"href":"https:\/\/rna.ao\/rna.ao\/wp-json\/wp\/v2\/media?parent=11184"}],"wp:term":[{"taxonomy":"category","embeddable":true,"href":"https:\/\/rna.ao\/rna.ao\/wp-json\/wp\/v2\/categories?post=11184"},{"taxonomy":"post_tag","embeddable":true,"href":"https:\/\/rna.ao\/rna.ao\/wp-json\/wp\/v2\/tags?post=11184"}],"curies":[{"name":"wp","href":"https:\/\/api.w.org\/{rel}","templated":true}]}}