{"id":11180,"date":"2020-11-12T04:23:35","date_gmt":"2020-11-12T03:23:35","guid":{"rendered":"https:\/\/rna.ao\/rna.ao\/?p=11180"},"modified":"2020-11-12T04:23:35","modified_gmt":"2020-11-12T03:23:35","slug":"eleicoes-na-fag-candidatos-a-presidencia-vao-hoje-as-urnas","status":"publish","type":"post","link":"https:\/\/rna.ao\/rna.ao\/2020\/11\/12\/eleicoes-na-fag-candidatos-a-presidencia-vao-hoje-as-urnas\/","title":{"rendered":"Elei\u00e7\u00f5es na FAG: Candidatos \u00e0 presid\u00eancia v\u00e3o hoje \u00e0s urnas"},"content":{"rendered":"<p><img loading=\"lazy\" class=\"size-full wp-image-11182 alignleft\" src=\"https:\/\/rna.ao\/rna.ao\/wp-content\/uploads\/2020\/11\/2ginasticaa.jpg\" alt=\"\" width=\"292\" height=\"158\" \/><\/p>\n<p>Os candidatos ao cadeir\u00e3o m\u00e1ximo da Federa\u00e7\u00e3o Angolana de Gin\u00e1stica (FAG) v\u00e3o esta quinta-feira, 12\/11, \u00e0s urnas, na capital do pa\u00eds,<\/p>\n<p>A expectativa \u00e1 grande, entre Elsa Pitra e Jos\u00e9 Porf\u00edrio dos Santos, os \u00fanicos candidatos \u00e0 presid\u00eancia da Federa\u00e7\u00e3o, que, curiosamente, s\u00e3o os dois vice-presidentes da direc\u00e7\u00e3o cessante. Clique no \u00e1udio, em baixo, e ou\u00e7a as \u00faltimas na reportagem:<\/p>\n\t<div class=\"qtmplayer-playlist-large\">\n\t\t<ul class=\"qtmplayer-playlist\">\n\t\t\t\n\t\t\t\t\t<li class=\"qtmplayer-trackitem\">\n\t\t<img src=\"https:\/\/rna.ao\/rna.ao\/wp-content\/uploads\/2020\/11\/2ginasticaa-100x100.jpg\" alt=\"cover\">\t\t<span \t\t\tdata-qtmplayer-cover=\"https:\/\/rna.ao\/rna.ao\/wp-content\/uploads\/2020\/11\/2ginasticaa.jpg\"\n\t\t\t\t\t\tdata-qtmplayer-file=\"https:\/\/rna.ao\/rna.ao\/wp-content\/uploads\/2020\/11\/PAULINO-FERNANDES.mp3\"\n\t\t\t\t\t\tdata-qtmplayer-title=\"Elei\u00e7\u00f5es na FAG: Candidatos \u00e0 presid\u00eancia v\u00e3o hoje \u00e0s urnas\"\n\t\t\t\t\t\tdata-qtmplayer-artist=\"RNA\"\n\t\t\t\t\t\tdata-qtmplayer-link=\"https:\/\/rna.ao\/rna.ao\/2020\/11\/12\/eleicoes-na-fag-candidatos-a-presidencia-vao-hoje-as-urnas\/\"\n\t\t\t\t\t\tdata-qtmplayer-icon=\"file_download\"\n\t\t\t\t\t\tdata-qtmplayer-type=\"track\"\n\t\t\t class=\"qtmplayer-play qtmplayer-link-sec qtmplayer-play-btn\"><i class='material-icons'>play_arrow<\/i><\/span>\n\t\t<p>\n\t\t\t<span class=\"qtmplayer-tit\">Elei\u00e7\u00f5es na FAG: Candidatos \u00e0 presid\u00eancia v\u00e3o hoje \u00e0s urnas<\/span>\n\t\t\t<span class=\"qtmplayer-art\">RNA<\/span>\n\t\t<\/p>\n\t<\/li>\n\t\t<\/ul>\n\t<\/div>\t\t\t\n\t\n<p>Fonte: R\u00e1dio 5\/RNA \u2013 Jornalista Paulino Fernandes<\/p>\n","protected":false},"excerpt":{"rendered":"<p>Os candidatos ao cadeir\u00e3o m\u00e1ximo da Federa\u00e7\u00e3o Angolana de Gin\u00e1stica (FAG) v\u00e3o esta quinta-feira, 12\/11, \u00e0s urnas, na capital do pa\u00eds, A expectativa \u00e1 grande, entre Elsa Pitra e Jos\u00e9 Porf\u00edrio dos Santos, os \u00fanicos candidatos \u00e0 presid\u00eancia da Federa\u00e7\u00e3o, que, curiosamente, s\u00e3o os dois vice-presidentes da direc\u00e7\u00e3o cessante. Clique ...<\/p>\n","protected":false},"author":8,"featured_media":11182,"comment_status":"closed","ping_status":"closed","sticky":false,"template":"","format":"standard","meta":[],"categories":[145,125],"tags":[],"_links":{"self":[{"href":"https:\/\/rna.ao\/rna.ao\/wp-json\/wp\/v2\/posts\/11180"}],"collection":[{"href":"https:\/\/rna.ao\/rna.ao\/wp-json\/wp\/v2\/posts"}],"about":[{"href":"https:\/\/rna.ao\/rna.ao\/wp-json\/wp\/v2\/types\/post"}],"author":[{"embeddable":true,"href":"https:\/\/rna.ao\/rna.ao\/wp-json\/wp\/v2\/users\/8"}],"replies":[{"embeddable":true,"href":"https:\/\/rna.ao\/rna.ao\/wp-json\/wp\/v2\/comments?post=11180"}],"version-history":[{"count":1,"href":"https:\/\/rna.ao\/rna.ao\/wp-json\/wp\/v2\/posts\/11180\/revisions"}],"predecessor-version":[{"id":11183,"href":"https:\/\/rna.ao\/rna.ao\/wp-json\/wp\/v2\/posts\/11180\/revisions\/11183"}],"wp:featuredmedia":[{"embeddable":true,"href":"https:\/\/rna.ao\/rna.ao\/wp-json\/wp\/v2\/media\/11182"}],"wp:attachment":[{"href":"https:\/\/rna.ao\/rna.ao\/wp-json\/wp\/v2\/media?parent=11180"}],"wp:term":[{"taxonomy":"category","embeddable":true,"href":"https:\/\/rna.ao\/rna.ao\/wp-json\/wp\/v2\/categories?post=11180"},{"taxonomy":"post_tag","embeddable":true,"href":"https:\/\/rna.ao\/rna.ao\/wp-json\/wp\/v2\/tags?post=11180"}],"curies":[{"name":"wp","href":"https:\/\/api.w.org\/{rel}","templated":true}]}}