{"id":110341,"date":"2023-07-24T07:15:34","date_gmt":"2023-07-24T06:15:34","guid":{"rendered":"https:\/\/rna.ao\/rna.ao\/?p=110341"},"modified":"2023-07-24T07:52:37","modified_gmt":"2023-07-24T06:52:37","slug":"ravina-do-zango-destroi-culturas-no-calumbo-agricultores-ja-perderam-mais-de-50-hectares","status":"publish","type":"post","link":"https:\/\/rna.ao\/rna.ao\/2023\/07\/24\/ravina-do-zango-destroi-culturas-no-calumbo-agricultores-ja-perderam-mais-de-50-hectares\/","title":{"rendered":"Ravina do Zango destr\u00f3i culturas no Calumbo. Agricultores j\u00e1 perderam mais de 50 hectares"},"content":{"rendered":"<p><img loading=\"lazy\" class=\"size-full wp-image-32116 alignleft\" src=\"https:\/\/rna.ao\/rna.ao\/wp-content\/uploads\/2021\/07\/Ravina.jpg\" alt=\"\" width=\"273\" height=\"185\" \/>Agricultores da regi\u00e3o de Kakila, Comuna de Calumbo, em Luanda, perderam mais de cinquenta hectares com produtos agr\u00edcolas, por causa do volume de areia que sa\u00eda da ravina da Centralidade do Zango 8 mil.<\/p>\n<p>As areias cortaram a \u00fanica estrada que liga a Comuna \u00e0s zonas agr\u00edcolas. A ravina pode afectar tamb\u00e9m as infra-estruturas do novo Hospital em constru\u00e7\u00e3o, no Munic\u00edpio de Viana. Clique, no \u00e1udio abaixo, e ou\u00e7a a reportagem do Polaco Pedro:<\/p>\n\t<div class=\"qtmplayer-playlist-large\">\n\t\t<ul class=\"qtmplayer-playlist\">\n\t\t\t\n\t\t\t\t\t<li class=\"qtmplayer-trackitem\">\n\t\t<img src=\"https:\/\/rna.ao\/rna.ao\/wp-content\/uploads\/2021\/07\/Ravina-100x100.jpg\" alt=\"cover\">\t\t<span \t\t\tdata-qtmplayer-cover=\"https:\/\/rna.ao\/rna.ao\/wp-content\/uploads\/2021\/07\/Ravina.jpg\"\n\t\t\t\t\t\tdata-qtmplayer-file=\"https:\/\/rna.ao\/rna.ao\/wp-content\/uploads\/2023\/07\/POLACO-PEDRO-7HRS.mp3\"\n\t\t\t\t\t\tdata-qtmplayer-title=\"Ravina do Zango destr\u00f3i culturas no Calumbo. Agricultores j\u00e1 perderam mais de 50 hectares\"\n\t\t\t\t\t\tdata-qtmplayer-artist=\"RNA\"\n\t\t\t\t\t\tdata-qtmplayer-link=\"https:\/\/rna.ao\/rna.ao\/2023\/07\/24\/ravina-do-zango-destroi-culturas-no-calumbo-agricultores-ja-perderam-mais-de-50-hectares\/\"\n\t\t\t\t\t\tdata-qtmplayer-icon=\"file_download\"\n\t\t\t\t\t\tdata-qtmplayer-type=\"track\"\n\t\t\t class=\"qtmplayer-play qtmplayer-link-sec qtmplayer-play-btn\"><i class='material-icons'>play_arrow<\/i><\/span>\n\t\t<p>\n\t\t\t<span class=\"qtmplayer-tit\">Ravina do Zango destr\u00f3i culturas no Calumbo. Agricultores j\u00e1 perderam mais de 50 hectares<\/span>\n\t\t\t<span class=\"qtmplayer-art\">RNA<\/span>\n\t\t<\/p>\n\t<\/li>\n\t\t<\/ul>\n\t<\/div>\t\t\t\n\t\n<p>Fonte: RNA<\/p>\n","protected":false},"excerpt":{"rendered":"<p>Agricultores da regi\u00e3o de Kakila, Comuna de Calumbo, em Luanda, perderam mais de cinquenta hectares com produtos agr\u00edcolas, por causa do volume de areia que sa\u00eda da ravina da Centralidade do Zango 8 mil. As areias cortaram a \u00fanica estrada que liga a Comuna \u00e0s zonas agr\u00edcolas. A ravina pode ...<\/p>\n","protected":false},"author":8,"featured_media":32116,"comment_status":"closed","ping_status":"closed","sticky":false,"template":"","format":"standard","meta":[],"categories":[141,133,164,163],"tags":[],"_links":{"self":[{"href":"https:\/\/rna.ao\/rna.ao\/wp-json\/wp\/v2\/posts\/110341"}],"collection":[{"href":"https:\/\/rna.ao\/rna.ao\/wp-json\/wp\/v2\/posts"}],"about":[{"href":"https:\/\/rna.ao\/rna.ao\/wp-json\/wp\/v2\/types\/post"}],"author":[{"embeddable":true,"href":"https:\/\/rna.ao\/rna.ao\/wp-json\/wp\/v2\/users\/8"}],"replies":[{"embeddable":true,"href":"https:\/\/rna.ao\/rna.ao\/wp-json\/wp\/v2\/comments?post=110341"}],"version-history":[{"count":1,"href":"https:\/\/rna.ao\/rna.ao\/wp-json\/wp\/v2\/posts\/110341\/revisions"}],"predecessor-version":[{"id":110344,"href":"https:\/\/rna.ao\/rna.ao\/wp-json\/wp\/v2\/posts\/110341\/revisions\/110344"}],"wp:featuredmedia":[{"embeddable":true,"href":"https:\/\/rna.ao\/rna.ao\/wp-json\/wp\/v2\/media\/32116"}],"wp:attachment":[{"href":"https:\/\/rna.ao\/rna.ao\/wp-json\/wp\/v2\/media?parent=110341"}],"wp:term":[{"taxonomy":"category","embeddable":true,"href":"https:\/\/rna.ao\/rna.ao\/wp-json\/wp\/v2\/categories?post=110341"},{"taxonomy":"post_tag","embeddable":true,"href":"https:\/\/rna.ao\/rna.ao\/wp-json\/wp\/v2\/tags?post=110341"}],"curies":[{"name":"wp","href":"https:\/\/api.w.org\/{rel}","templated":true}]}}