{"id":110330,"date":"2023-07-24T06:48:54","date_gmt":"2023-07-24T05:48:54","guid":{"rendered":"https:\/\/rna.ao\/rna.ao\/?p=110330"},"modified":"2023-07-24T06:48:54","modified_gmt":"2023-07-24T05:48:54","slug":"futebol-equipas-entram-na-2a-semana-de-preparacao-da-epoca-2023-2024","status":"publish","type":"post","link":"https:\/\/rna.ao\/rna.ao\/2023\/07\/24\/futebol-equipas-entram-na-2a-semana-de-preparacao-da-epoca-2023-2024\/","title":{"rendered":"Futebol: Equipas entram na 2\u00aa semana de prepara\u00e7\u00e3o da \u00e9poca 2023\/2024"},"content":{"rendered":"<p style=\"font-weight: 400;\"><img loading=\"lazy\" class=\"size-medium wp-image-7112 aligncenter\" src=\"https:\/\/rna.ao\/rna.ao\/wp-content\/uploads\/2020\/10\/bola-no-pe-2-770x578.jpg\" alt=\"\" width=\"770\" height=\"578\" srcset=\"https:\/\/rna.ao\/rna.ao\/wp-content\/uploads\/2020\/10\/bola-no-pe-2-770x578.jpg 770w, https:\/\/rna.ao\/rna.ao\/wp-content\/uploads\/2020\/10\/bola-no-pe-2-768x576.jpg 768w, https:\/\/rna.ao\/rna.ao\/wp-content\/uploads\/2020\/10\/bola-no-pe-2.jpg 800w\" sizes=\"(max-width: 770px) 100vw, 770px\" \/>O 1\u00ba de Agosto, vice campe\u00e3o nacional, entra para a segunda semana de prepara\u00e7\u00e3o, tal como o Sagrada Esperan\u00e7a que j\u00e1 est\u00e1 em Benguela para o torneio Amizade, numa promo\u00e7\u00e3o do Wiliete de Benguela.<br \/>\nE o quarto classificado do Girabola 2022\/2023 descarta a luta pelo t\u00edtulo do campeonato nacional.<br \/>\nJos\u00e9 Silvestre \u201cPel\u00e9\u201d, t\u00e9cnico do Wiliete, diz que a meta, por agora, passa por consolidar as bases que v\u00e3o confinar a equipa para a \u00e9poca que se avizinha. Clique no \u00e1udio e ou\u00e7a:<\/p>\n\t<div class=\"qtmplayer-playlist-large\">\n\t\t<ul class=\"qtmplayer-playlist\">\n\t\t\t\n\t\t\t\t\t<li class=\"qtmplayer-trackitem\">\n\t\t<img src=\"https:\/\/rna.ao\/rna.ao\/wp-content\/uploads\/2020\/10\/bola-no-pe-2-100x100.jpg\" alt=\"cover\">\t\t<span \t\t\tdata-qtmplayer-cover=\"https:\/\/rna.ao\/rna.ao\/wp-content\/uploads\/2020\/10\/bola-no-pe-2-370x370.jpg\"\n\t\t\t\t\t\tdata-qtmplayer-file=\"https:\/\/rna.ao\/rna.ao\/wp-content\/uploads\/2023\/07\/7-SILVESTRE-PELE-24-07-23.mp3\"\n\t\t\t\t\t\tdata-qtmplayer-title=\"Futebol: Equipas entram na 2\u00aa semana de prepara\u00e7\u00e3o da \u00e9poca 2023\/2024\"\n\t\t\t\t\t\tdata-qtmplayer-artist=\"RNA\"\n\t\t\t\t\t\tdata-qtmplayer-link=\"https:\/\/rna.ao\/rna.ao\/2023\/07\/24\/futebol-equipas-entram-na-2a-semana-de-preparacao-da-epoca-2023-2024\/\"\n\t\t\t\t\t\tdata-qtmplayer-icon=\"file_download\"\n\t\t\t\t\t\tdata-qtmplayer-type=\"track\"\n\t\t\t class=\"qtmplayer-play qtmplayer-link-sec qtmplayer-play-btn\"><i class='material-icons'>play_arrow<\/i><\/span>\n\t\t<p>\n\t\t\t<span class=\"qtmplayer-tit\">Futebol: Equipas entram na 2\u00aa semana de prepara\u00e7\u00e3o da \u00e9poca 2023\/2024<\/span>\n\t\t\t<span class=\"qtmplayer-art\">RNA<\/span>\n\t\t<\/p>\n\t<\/li>\n\t\t<\/ul>\n\t<\/div>\t\t\t\n\t\n<p style=\"font-weight: 400;\">A Acad\u00e9mica do Lobito abre hoje, 24 de Julho, as suas oficinas, limitada \u00e0 crise financeira. Facto reiterado pelo presidente de direc\u00e7\u00e3o, Lu\u00eds Borges. Clique no \u00e1udio e ou\u00e7a:<\/p>\n\t<div class=\"qtmplayer-playlist-large\">\n\t\t<ul class=\"qtmplayer-playlist\">\n\t\t\t\n\t\t\t\t\t<li class=\"qtmplayer-trackitem\">\n\t\t<img src=\"https:\/\/rna.ao\/rna.ao\/wp-content\/uploads\/2020\/10\/bola-no-pe-2-100x100.jpg\" alt=\"cover\">\t\t<span \t\t\tdata-qtmplayer-cover=\"https:\/\/rna.ao\/rna.ao\/wp-content\/uploads\/2020\/10\/bola-no-pe-2-370x370.jpg\"\n\t\t\t\t\t\tdata-qtmplayer-file=\"https:\/\/rna.ao\/rna.ao\/wp-content\/uploads\/2023\/07\/8-LUIS-BORGES-24-07-23.mp3\"\n\t\t\t\t\t\tdata-qtmplayer-title=\"Futebol: Equipas entram na 2\u00aa semana de prepara\u00e7\u00e3o da \u00e9poca 2023\/2024\"\n\t\t\t\t\t\tdata-qtmplayer-artist=\"RNA\"\n\t\t\t\t\t\tdata-qtmplayer-link=\"https:\/\/rna.ao\/rna.ao\/2023\/07\/24\/futebol-equipas-entram-na-2a-semana-de-preparacao-da-epoca-2023-2024\/\"\n\t\t\t\t\t\tdata-qtmplayer-icon=\"file_download\"\n\t\t\t\t\t\tdata-qtmplayer-type=\"track\"\n\t\t\t class=\"qtmplayer-play qtmplayer-link-sec qtmplayer-play-btn\"><i class='material-icons'>play_arrow<\/i><\/span>\n\t\t<p>\n\t\t\t<span class=\"qtmplayer-tit\">Futebol: Equipas entram na 2\u00aa semana de prepara\u00e7\u00e3o da \u00e9poca 2023\/2024<\/span>\n\t\t\t<span class=\"qtmplayer-art\">RNA<\/span>\n\t\t<\/p>\n\t<\/li>\n\t\t<\/ul>\n\t<\/div>\t\t\t\n\t\n<p style=\"font-weight: 400;\">O S.O.S da Acad\u00e9mica do Lobito, na voz do seu presidente de direc\u00e7\u00e3o, Lu\u00eds Borges. Lobitangas estar\u00e3o engajados em quatro frentes: Superta\u00e7a, Girabola, Ta\u00e7a de Angola e nas eliminat\u00f3rias de acesso \u00e0 fase de grupos da Ta\u00e7a CAF.<\/p>\n<p style=\"font-weight: 400;\">Dificuldades financeiras tamb\u00e9m afligem o Desportivo da Hu\u00edla, que abre as oficinas no \u00faltimo dia do m\u00eas em curso. Apesar deste quadro, Ezequias Domingos, director administrativo dos huilanos, est\u00e1 esperan\u00e7ado em dias melhores. Clique no \u00e1udio e ou\u00e7a:<\/p>\n\t<div class=\"qtmplayer-playlist-large\">\n\t\t<ul class=\"qtmplayer-playlist\">\n\t\t\t\n\t\t\t\t\t<li class=\"qtmplayer-trackitem\">\n\t\t<img src=\"https:\/\/rna.ao\/rna.ao\/wp-content\/uploads\/2020\/10\/bola-no-pe-2-100x100.jpg\" alt=\"cover\">\t\t<span \t\t\tdata-qtmplayer-cover=\"https:\/\/rna.ao\/rna.ao\/wp-content\/uploads\/2020\/10\/bola-no-pe-2-370x370.jpg\"\n\t\t\t\t\t\tdata-qtmplayer-file=\"https:\/\/rna.ao\/rna.ao\/wp-content\/uploads\/2023\/07\/9-EZEQUIAS-DOMINGOS-24-07-23.mp3\"\n\t\t\t\t\t\tdata-qtmplayer-title=\"Futebol: Equipas entram na 2\u00aa semana de prepara\u00e7\u00e3o da \u00e9poca 2023\/2024\"\n\t\t\t\t\t\tdata-qtmplayer-artist=\"RNA\"\n\t\t\t\t\t\tdata-qtmplayer-link=\"https:\/\/rna.ao\/rna.ao\/2023\/07\/24\/futebol-equipas-entram-na-2a-semana-de-preparacao-da-epoca-2023-2024\/\"\n\t\t\t\t\t\tdata-qtmplayer-icon=\"file_download\"\n\t\t\t\t\t\tdata-qtmplayer-type=\"track\"\n\t\t\t class=\"qtmplayer-play qtmplayer-link-sec qtmplayer-play-btn\"><i class='material-icons'>play_arrow<\/i><\/span>\n\t\t<p>\n\t\t\t<span class=\"qtmplayer-tit\">Futebol: Equipas entram na 2\u00aa semana de prepara\u00e7\u00e3o da \u00e9poca 2023\/2024<\/span>\n\t\t\t<span class=\"qtmplayer-art\">RNA<\/span>\n\t\t<\/p>\n\t<\/li>\n\t\t<\/ul>\n\t<\/div>\t\t\t\n\t\n<p style=\"font-weight: 400;\">Fonte: R\u00e1dio 5\/RNA<\/p>\n","protected":false},"excerpt":{"rendered":"<p>O 1\u00ba de Agosto, vice campe\u00e3o nacional, entra para a segunda semana de prepara\u00e7\u00e3o, tal como o Sagrada Esperan\u00e7a que j\u00e1 est\u00e1 em Benguela para o torneio Amizade, numa promo\u00e7\u00e3o do Wiliete de Benguela. E o quarto classificado do Girabola 2022\/2023 descarta a luta pelo t\u00edtulo do campeonato nacional. Jos\u00e9 ...<\/p>\n","protected":false},"author":8,"featured_media":7112,"comment_status":"closed","ping_status":"closed","sticky":false,"template":"","format":"standard","meta":[],"categories":[145,125,164],"tags":[],"_links":{"self":[{"href":"https:\/\/rna.ao\/rna.ao\/wp-json\/wp\/v2\/posts\/110330"}],"collection":[{"href":"https:\/\/rna.ao\/rna.ao\/wp-json\/wp\/v2\/posts"}],"about":[{"href":"https:\/\/rna.ao\/rna.ao\/wp-json\/wp\/v2\/types\/post"}],"author":[{"embeddable":true,"href":"https:\/\/rna.ao\/rna.ao\/wp-json\/wp\/v2\/users\/8"}],"replies":[{"embeddable":true,"href":"https:\/\/rna.ao\/rna.ao\/wp-json\/wp\/v2\/comments?post=110330"}],"version-history":[{"count":1,"href":"https:\/\/rna.ao\/rna.ao\/wp-json\/wp\/v2\/posts\/110330\/revisions"}],"predecessor-version":[{"id":110339,"href":"https:\/\/rna.ao\/rna.ao\/wp-json\/wp\/v2\/posts\/110330\/revisions\/110339"}],"wp:featuredmedia":[{"embeddable":true,"href":"https:\/\/rna.ao\/rna.ao\/wp-json\/wp\/v2\/media\/7112"}],"wp:attachment":[{"href":"https:\/\/rna.ao\/rna.ao\/wp-json\/wp\/v2\/media?parent=110330"}],"wp:term":[{"taxonomy":"category","embeddable":true,"href":"https:\/\/rna.ao\/rna.ao\/wp-json\/wp\/v2\/categories?post=110330"},{"taxonomy":"post_tag","embeddable":true,"href":"https:\/\/rna.ao\/rna.ao\/wp-json\/wp\/v2\/tags?post=110330"}],"curies":[{"name":"wp","href":"https:\/\/api.w.org\/{rel}","templated":true}]}}